{"id":60506,"date":"2024-11-08T12:56:42","date_gmt":"2024-11-08T18:56:42","guid":{"rendered":"https:\/\/encuentroinformativo.com.mx\/?p=60506"},"modified":"2024-11-08T12:56:48","modified_gmt":"2024-11-08T18:56:48","slug":"aumenta-cifra-de-ninos-migrantes-abandonados-en-veracruz","status":"publish","type":"post","link":"https:\/\/encuentroinformativo.com.mx\/?p=60506","title":{"rendered":"Aumenta cifra de ni\u00f1os migrantes abandonados en Veracruz"},"content":{"rendered":"\n<p><strong>Alejandro \u00c1vila<\/strong><\/p>\n\n\n\n<p>Veracruz, Ver.- El n\u00famero de ni\u00f1os migrantes perdidos o abandonados en la entidad veracruzana ha aumentado durante los \u00faltimos cinco a\u00f1os, mencion\u00f3, Genesis Shalom, de Distinguir O.C.<\/p>\n\n\n\n<p>&#8220;Tenemos una poblaci\u00f3n que se ha mantenido relativamente constante, quiz\u00e1 lo que m\u00e1s hemos tenido es ni\u00f1os en desamparo por el caso de migraci\u00f3n, hemos tenido muchos ni\u00f1os que son ni\u00f1os migrantes, que nos han reportado que se quedan perdidos en la ciudad o que quedan abandonados o que ya no encuentran a sus padres y el DIF los ha tomado para darles ese apoyo ese resguardo son el n\u00famero que m\u00e1s ha incrementado&#8221;, relat\u00f3.<\/p>\n\n\n\n<p>En rueda de prensa dio a conocer que a partir del 9 de noviembre y hasta el d\u00eda 16 de diciembre realizar\u00e1n una colecta en conjunto con otras organizaciones civiles y comercios del Puerto de Veracruz, con lo cual buscan obtener, primordialmente, ropa interior y zapatos para ni\u00f1os de entre los dos y 18 a\u00f1os<\/p>\n\n\n\n<p>Los centros de acopio ser\u00e1n la never\u00eda Yucat\u00e1n en el parque Zamora; Nutribi\u00f3nicos ubicado en la calle Mario Molina y el ubicado en bulevard Manuel \u00c1vila Camacho.<\/p>\n","protected":false},"excerpt":{"rendered":"<p>Alejandro \u00c1vila Veracruz, Ver.- El n\u00famero de ni\u00f1os migrantes perdidos o abandonados en la entidad veracruzana ha aumentado durante los \u00faltimos cinco a\u00f1os, mencion\u00f3, Genesis Shalom, de Distinguir O.C. &#8220;Tenemos una poblaci\u00f3n que se ha mantenido relativamente constante, quiz\u00e1 lo que m\u00e1s hemos tenido es ni\u00f1os en desamparo por el caso de migraci\u00f3n, hemos tenido [&hellip;]<\/p>\n","protected":false},"author":2476,"featured_media":60507,"comment_status":"open","ping_status":"open","sticky":false,"template":"","format":"standard","meta":{"_jetpack_memberships_contains_paid_content":false,"footnotes":""},"categories":[2],"tags":[],"class_list":["post-60506","post","type-post","status-publish","format-standard","has-post-thumbnail","hentry","category-estado"],"jetpack_featured_media_url":"https:\/\/encuentroinformativo.com.mx\/wp-content\/uploads\/2024\/11\/IMG-20241108-WA0042.jpg","jetpack_sharing_enabled":true,"jetpack_likes_enabled":true,"amp_enabled":true,"_links":{"self":[{"href":"https:\/\/encuentroinformativo.com.mx\/index.php?rest_route=\/wp\/v2\/posts\/60506","targetHints":{"allow":["GET"]}}],"collection":[{"href":"https:\/\/encuentroinformativo.com.mx\/index.php?rest_route=\/wp\/v2\/posts"}],"about":[{"href":"https:\/\/encuentroinformativo.com.mx\/index.php?rest_route=\/wp\/v2\/types\/post"}],"author":[{"embeddable":true,"href":"https:\/\/encuentroinformativo.com.mx\/index.php?rest_route=\/wp\/v2\/users\/2476"}],"replies":[{"embeddable":true,"href":"https:\/\/encuentroinformativo.com.mx\/index.php?rest_route=%2Fwp%2Fv2%2Fcomments&post=60506"}],"version-history":[{"count":1,"href":"https:\/\/encuentroinformativo.com.mx\/index.php?rest_route=\/wp\/v2\/posts\/60506\/revisions"}],"predecessor-version":[{"id":60508,"href":"https:\/\/encuentroinformativo.com.mx\/index.php?rest_route=\/wp\/v2\/posts\/60506\/revisions\/60508"}],"wp:featuredmedia":[{"embeddable":true,"href":"https:\/\/encuentroinformativo.com.mx\/index.php?rest_route=\/wp\/v2\/media\/60507"}],"wp:attachment":[{"href":"https:\/\/encuentroinformativo.com.mx\/index.php?rest_route=%2Fwp%2Fv2%2Fmedia&parent=60506"}],"wp:term":[{"taxonomy":"category","embeddable":true,"href":"https:\/\/encuentroinformativo.com.mx\/index.php?rest_route=%2Fwp%2Fv2%2Fcategories&post=60506"},{"taxonomy":"post_tag","embeddable":true,"href":"https:\/\/encuentroinformativo.com.mx\/index.php?rest_route=%2Fwp%2Fv2%2Ftags&post=60506"}],"curies":[{"name":"wp","href":"https:\/\/api.w.org\/{rel}","templated":true}]}}