{"id":60512,"date":"2024-11-08T14:27:23","date_gmt":"2024-11-08T20:27:23","guid":{"rendered":"https:\/\/encuentroinformativo.com.mx\/?p=60512"},"modified":"2024-11-08T14:27:28","modified_gmt":"2024-11-08T20:27:28","slug":"disminuye-riesgo-de-afectaciones-por-huracan-rafael-en-veracruz-pc","status":"publish","type":"post","link":"https:\/\/encuentroinformativo.com.mx\/?p=60512","title":{"rendered":"Disminuye riesgo de afectaciones por hurac\u00e1n Rafael en Veracruz: PC"},"content":{"rendered":"\n<p id=\"m_-4299421054239168118docs-internal-guid-b362dfe9-7fff-7506-b7c9-900180f8f094\"><strong>Dar\u00edo Pale <\/strong><\/p>\n\n\n\n<p id=\"m_-4299421054239168118docs-internal-guid-b362dfe9-7fff-7506-b7c9-900180f8f094\">Xalapa, Ver.- La amenaza del hurac\u00e1n Rafael para Veracruz est\u00e1 disminuyendo, as\u00ed lo dio a conocer el jefe del departamento de Meteorolog\u00eda de la Secretar\u00eda de Protecci\u00f3n Civil del Estado, Federico Acevedo Rosas.<\/p>\n\n\n\n<p id=\"m_-4299421054239168118docs-internal-guid-b362dfe9-7fff-7506-b7c9-900180f8f094\">En conferencia de prensa se\u00f1al\u00f3 que, se espera que &#8220;Rafael&#8221; se vaya debilitando conforme se vaya moviendo al oeste en las pr\u00f3ximas 24 horas y siga debilit\u00e1ndose.<\/p>\n\n\n\n<p id=\"m_-4299421054239168118docs-internal-guid-b362dfe9-7fff-7506-b7c9-900180f8f094\">Aunque aclar\u00f3 que el cicl\u00f3n sigue en el centro del Golfo de M\u00e9xico y pueden pasar muchas cosas, aunque afirm\u00f3 que no tendr\u00eda mucha influencia en el Estado.<\/p>\n\n\n\n<p id=\"m_-4299421054239168118docs-internal-guid-b362dfe9-7fff-7506-b7c9-900180f8f094\">&#8220;Rafael se est\u00e1 moviendo al oeste a 15 kil\u00f3metros por hora. El Centro Nacional de Huracanes pronostica que Rafael caer\u00e1 por debajo de la fuerza de hurac\u00e1n ma\u00f1ana s\u00e1bado y degenerar\u00e1 a una baja remanente en unos tres a cuatro d\u00edas&#8221;, se\u00f1al\u00f3.<\/p>\n\n\n\n<p id=\"m_-4299421054239168118docs-internal-guid-b362dfe9-7fff-7506-b7c9-900180f8f094\">Agreg\u00f3 que el pr\u00f3ximo mi\u00e9rcoles 13 de noviembre, ser\u00e1 como una baja remanente, a unos 500 kil\u00f3metros al este de Tampico.<\/p>\n\n\n\n<p id=\"m_-4299421054239168118docs-internal-guid-b362dfe9-7fff-7506-b7c9-900180f8f094\">A\u00f1adi\u00f3 que en la conurbaci\u00f3n de Veracruz-Boca del R\u00edo, en los siguientes tres d\u00edas habr\u00eda una temperatura de entre los 31 y los 33 grados Celsius, mientras que el \u00edndice de calor podr\u00eda alcanzar los 38 grados Celsius.<\/p>\n\n\n\n<p id=\"m_-4299421054239168118docs-internal-guid-b362dfe9-7fff-7506-b7c9-900180f8f094\">Expuso que las rachas de viento podr\u00edan variar si el hurac\u00e1n Rafael se acerca a las costas del Golfo, pero no superar\u00eda los 40 o 50 kil\u00f3metros por hora.<\/p>\n\n\n\n<p id=\"m_-4299421054239168118docs-internal-guid-b362dfe9-7fff-7506-b7c9-900180f8f094\">Finalmente en cuanto al oleaje hasta el d\u00eda de hoy podr\u00eda ser de .5 a 1.0 metros, pero para este s\u00e1bado podr\u00eda ser de 1 a 2 metros y as\u00ed se podr\u00eda mantener hasta el domingo.<\/p>\n","protected":false},"excerpt":{"rendered":"<p>Dar\u00edo Pale Xalapa, Ver.- La amenaza del hurac\u00e1n Rafael para Veracruz est\u00e1 disminuyendo, as\u00ed lo dio a conocer el jefe del departamento de Meteorolog\u00eda de la Secretar\u00eda de Protecci\u00f3n Civil del Estado, Federico Acevedo Rosas. En conferencia de prensa se\u00f1al\u00f3 que, se espera que &#8220;Rafael&#8221; se vaya debilitando conforme se vaya moviendo al oeste en [&hellip;]<\/p>\n","protected":false},"author":2476,"featured_media":60513,"comment_status":"open","ping_status":"open","sticky":false,"template":"","format":"standard","meta":{"_jetpack_memberships_contains_paid_content":false,"footnotes":""},"categories":[2],"tags":[],"class_list":["post-60512","post","type-post","status-publish","format-standard","has-post-thumbnail","hentry","category-estado"],"jetpack_featured_media_url":"https:\/\/encuentroinformativo.com.mx\/wp-content\/uploads\/2024\/11\/IMG-20241108-WA0053.jpg","jetpack_sharing_enabled":true,"jetpack_likes_enabled":true,"amp_enabled":true,"_links":{"self":[{"href":"https:\/\/encuentroinformativo.com.mx\/index.php?rest_route=\/wp\/v2\/posts\/60512","targetHints":{"allow":["GET"]}}],"collection":[{"href":"https:\/\/encuentroinformativo.com.mx\/index.php?rest_route=\/wp\/v2\/posts"}],"about":[{"href":"https:\/\/encuentroinformativo.com.mx\/index.php?rest_route=\/wp\/v2\/types\/post"}],"author":[{"embeddable":true,"href":"https:\/\/encuentroinformativo.com.mx\/index.php?rest_route=\/wp\/v2\/users\/2476"}],"replies":[{"embeddable":true,"href":"https:\/\/encuentroinformativo.com.mx\/index.php?rest_route=%2Fwp%2Fv2%2Fcomments&post=60512"}],"version-history":[{"count":1,"href":"https:\/\/encuentroinformativo.com.mx\/index.php?rest_route=\/wp\/v2\/posts\/60512\/revisions"}],"predecessor-version":[{"id":60514,"href":"https:\/\/encuentroinformativo.com.mx\/index.php?rest_route=\/wp\/v2\/posts\/60512\/revisions\/60514"}],"wp:featuredmedia":[{"embeddable":true,"href":"https:\/\/encuentroinformativo.com.mx\/index.php?rest_route=\/wp\/v2\/media\/60513"}],"wp:attachment":[{"href":"https:\/\/encuentroinformativo.com.mx\/index.php?rest_route=%2Fwp%2Fv2%2Fmedia&parent=60512"}],"wp:term":[{"taxonomy":"category","embeddable":true,"href":"https:\/\/encuentroinformativo.com.mx\/index.php?rest_route=%2Fwp%2Fv2%2Fcategories&post=60512"},{"taxonomy":"post_tag","embeddable":true,"href":"https:\/\/encuentroinformativo.com.mx\/index.php?rest_route=%2Fwp%2Fv2%2Ftags&post=60512"}],"curies":[{"name":"wp","href":"https:\/\/api.w.org\/{rel}","templated":true}]}}