{"id":60522,"date":"2024-11-08T15:51:01","date_gmt":"2024-11-08T21:51:01","guid":{"rendered":"https:\/\/encuentroinformativo.com.mx\/?p=60522"},"modified":"2024-11-08T15:51:07","modified_gmt":"2024-11-08T21:51:07","slug":"instalan-comision-para-proceso-de-designacion-de-titular-de-contraloria-de-la-fge","status":"publish","type":"post","link":"https:\/\/encuentroinformativo.com.mx\/?p=60522","title":{"rendered":"Instalan Comisi\u00f3n para proceso de designaci\u00f3n de titular de Contralor\u00eda de la FGE"},"content":{"rendered":"\n<p><strong>* En la reuni\u00f3n, el presidente de la Jucopo, diputado Esteban Bautista Hern\u00e1ndez, exhorta al y las integrantes a realizar un trabajo transparente y apegado a derecho.<\/strong><\/p>\n\n\n\n<p>Xalapa, Ver.- En oficinas del Palacio Legislativo, este d\u00eda se realiz\u00f3 la instalaci\u00f3n de la Comisi\u00f3n Especial que ser\u00e1 responsable del procedimiento para la designaci\u00f3n de la persona que ocupar\u00e1 la titularidad de la Contralor\u00eda General de la Fiscal\u00eda General del Estado (FGE), en cumplimiento del Acuerdo de la Junta de Coordinaci\u00f3n Pol\u00edtica (Jucopo), aprobado este 7 de noviembre por unanimidad del Pleno.<\/p>\n\n\n\n<p>El presidente de esta Comisi\u00f3n, diputado Diego Casta\u00f1eda Aburto, dio la bienvenida al presidente de la Jucopo, diputado Esteban Bautista Hern\u00e1ndez, a la vicepresidenta de la Mesa Directiva, diputada Tania Mar\u00eda Cruz Mej\u00eda, al coordinador del Grupo Legislativo del Partido Verde Ecologista de M\u00e9xico (PVEM), diputado Carlos Marcelo Ruiz S\u00e1nchez, as\u00ed como a la secretaria y vocales de la misma comisi\u00f3n.<\/p>\n\n\n\n<p>El diputado Esteban Bautista Hern\u00e1ndez reconoci\u00f3 el trabajo que realizar\u00e1 esta instancia legislativa, toda vez que, agreg\u00f3, ser\u00e1 la encargada de recibir a las y los aspirantes, escuchar sus propuestas, puntos de vista y trayectoria de cada uno, y con base en un an\u00e1lisis serio elaborar el dictamen correspondiente.<\/p>\n\n\n\n<p>Indic\u00f3 que el Congreso de Veracruz es la representaci\u00f3n popular en la que todas las voces son escuchadas y que para las designaciones que haga esta Soberan\u00eda (como este caso para la Contralor\u00eda de la FGE) ser\u00e1 de suma importancia que el procedimiento sea abierto a la poblaci\u00f3n, transparente y conforme a la normatividad.<\/p>\n\n\n\n<p>\u201cLa persona que vaya a ser nombrada para el cargo tendr\u00e1 que ser legitimada con la participaci\u00f3n de todas y todos nosotros\u201d, puntualiz\u00f3.<\/p>\n\n\n\n<p>Por otra parte, el legislador Diego Casta\u00f1eda Aburto, propuso a sus hom\u00f3logas avanzar en el protocolo para la realizaci\u00f3n de las entrevistas con las y los aspirantes. Destac\u00f3 que debe conocerse cada trayectoria, plan de trabajo y las principales acciones que implementar\u00eda, en caso de asumir el cargo.<\/p>\n\n\n\n<p>Tras informar que las entrevistas ser\u00e1n transmitidas en directo por los canales oficiales del Congreso, el diputado Casta\u00f1eda plante\u00f3 definir las preguntas que podr\u00edan realizarse a las personas aspirantes y uniformar los tiempos que cada una tendr\u00e1, tanto para presentarse como para responder los cuestionamientos.<\/p>\n\n\n\n<p>En la reuni\u00f3n participaron, adem\u00e1s del diputado Diego Casta\u00f1eda Aburto, presidente de la Comisi\u00f3n, la legisladora Estefan\u00eda Bastida Cuevas, secretaria, y las diputadas Janeth Adanely Rodr\u00edguez Rodr\u00edguez, Luz Alicia Delf\u00edn Rodr\u00edguez, Ana Rosa Vald\u00e9s Salazar y Mar\u00eda Elena C\u00f3rdova Molina, en calidad de vocales.<\/p>\n\n\n\n<p>De acuerdo con la Convocatoria, las propuestas ser\u00e1n recibidas los d\u00edas 8, 11 y 12 del mes y a\u00f1o en curso, de 09:00 a 18:00 horas, en las oficinas del diputado Diego Casta\u00f1eda Aburto, en el Palacio Legislativo.<\/p>\n\n\n\n<p>Las entrevistas con cada aspirante estar\u00e1n a cargo de la misma Comisi\u00f3n Especial el mi\u00e9rcoles 13 de noviembre, en la sala de sesiones Venustiano Carranza del Palacio Legislativo. La transmisi\u00f3n en directo ser\u00e1 por la p\u00e1gina www.legisver.gob.mx y las redes sociales oficiales del Congreso del Estado.<\/p>\n\n\n\n<figure class=\"wp-block-image size-large\"><img loading=\"lazy\" decoding=\"async\" width=\"1024\" height=\"682\" src=\"https:\/\/encuentroinformativo.com.mx\/wp-content\/uploads\/2024\/11\/1000419932-1024x682.jpg\" alt=\"\" class=\"wp-image-60524\" srcset=\"https:\/\/encuentroinformativo.com.mx\/wp-content\/uploads\/2024\/11\/1000419932-1024x682.jpg 1024w, https:\/\/encuentroinformativo.com.mx\/wp-content\/uploads\/2024\/11\/1000419932-300x200.jpg 300w, https:\/\/encuentroinformativo.com.mx\/wp-content\/uploads\/2024\/11\/1000419932-768x512.jpg 768w, https:\/\/encuentroinformativo.com.mx\/wp-content\/uploads\/2024\/11\/1000419932-1536x1023.jpg 1536w, https:\/\/encuentroinformativo.com.mx\/wp-content\/uploads\/2024\/11\/1000419932.jpg 1600w\" sizes=\"auto, (max-width: 1024px) 100vw, 1024px\" \/><\/figure>\n","protected":false},"excerpt":{"rendered":"<p>* En la reuni\u00f3n, el presidente de la Jucopo, diputado Esteban Bautista Hern\u00e1ndez, exhorta al y las integrantes a realizar un trabajo transparente y apegado a derecho. Xalapa, Ver.- En oficinas del Palacio Legislativo, este d\u00eda se realiz\u00f3 la instalaci\u00f3n de la Comisi\u00f3n Especial que ser\u00e1 responsable del procedimiento para la designaci\u00f3n de la persona [&hellip;]<\/p>\n","protected":false},"author":2476,"featured_media":60523,"comment_status":"open","ping_status":"open","sticky":false,"template":"","format":"standard","meta":{"_jetpack_memberships_contains_paid_content":false,"footnotes":""},"categories":[2],"tags":[],"class_list":["post-60522","post","type-post","status-publish","format-standard","has-post-thumbnail","hentry","category-estado"],"jetpack_featured_media_url":"https:\/\/encuentroinformativo.com.mx\/wp-content\/uploads\/2024\/11\/IMG-20241108-WA00622.jpg","jetpack_sharing_enabled":true,"jetpack_likes_enabled":true,"amp_enabled":true,"_links":{"self":[{"href":"https:\/\/encuentroinformativo.com.mx\/index.php?rest_route=\/wp\/v2\/posts\/60522","targetHints":{"allow":["GET"]}}],"collection":[{"href":"https:\/\/encuentroinformativo.com.mx\/index.php?rest_route=\/wp\/v2\/posts"}],"about":[{"href":"https:\/\/encuentroinformativo.com.mx\/index.php?rest_route=\/wp\/v2\/types\/post"}],"author":[{"embeddable":true,"href":"https:\/\/encuentroinformativo.com.mx\/index.php?rest_route=\/wp\/v2\/users\/2476"}],"replies":[{"embeddable":true,"href":"https:\/\/encuentroinformativo.com.mx\/index.php?rest_route=%2Fwp%2Fv2%2Fcomments&post=60522"}],"version-history":[{"count":1,"href":"https:\/\/encuentroinformativo.com.mx\/index.php?rest_route=\/wp\/v2\/posts\/60522\/revisions"}],"predecessor-version":[{"id":60525,"href":"https:\/\/encuentroinformativo.com.mx\/index.php?rest_route=\/wp\/v2\/posts\/60522\/revisions\/60525"}],"wp:featuredmedia":[{"embeddable":true,"href":"https:\/\/encuentroinformativo.com.mx\/index.php?rest_route=\/wp\/v2\/media\/60523"}],"wp:attachment":[{"href":"https:\/\/encuentroinformativo.com.mx\/index.php?rest_route=%2Fwp%2Fv2%2Fmedia&parent=60522"}],"wp:term":[{"taxonomy":"category","embeddable":true,"href":"https:\/\/encuentroinformativo.com.mx\/index.php?rest_route=%2Fwp%2Fv2%2Fcategories&post=60522"},{"taxonomy":"post_tag","embeddable":true,"href":"https:\/\/encuentroinformativo.com.mx\/index.php?rest_route=%2Fwp%2Fv2%2Ftags&post=60522"}],"curies":[{"name":"wp","href":"https:\/\/api.w.org\/{rel}","templated":true}]}}