{"id":60526,"date":"2024-11-09T13:26:21","date_gmt":"2024-11-09T19:26:21","guid":{"rendered":"https:\/\/encuentroinformativo.com.mx\/?p=60526"},"modified":"2024-11-09T13:26:26","modified_gmt":"2024-11-09T19:26:26","slug":"llama-confederacion-nacional-de-comercio-a-apoyar-empresas-mexicanas-en-esta-edicion-de-el-buen-fin-2024","status":"publish","type":"post","link":"https:\/\/encuentroinformativo.com.mx\/?p=60526","title":{"rendered":"Llama Confederaci\u00f3n Nacional de Comercio a apoyar empresas mexicanas en esta edici\u00f3n de El Buen Fin 2024"},"content":{"rendered":"\n<p><strong>Alejandro \u00c1vila<\/strong><\/p>\n\n\n\n<p>Veracruz, Ver.- La Dra. Claudia Sheinbaum Pardo, presidenta de M\u00e9xico, y Octavio de la Torre, presidente de la CONCANACO SERVYTUR, presentaron El Buen Fin 2024, en Conferencia de prensa realizada en Palacio Nacional.<\/p>\n\n\n\n<p>Por su parte, en rueda de prensa realizada en la Secretar\u00eda de Econom\u00eda, Marcelo Ebrard se\u00f1al\u00f3 \u201cRecib\u00ed la indicaci\u00f3n de la Presidenta Sheinbaum de que apoyemos la iniciativa de El Buen Fin, para respaldar a las empresas mexicanas, y fomentar el consumo de productos mexicanos.\u201d<\/p>\n\n\n\n<p>En conferencia de prensa, realizada en Palacio Nacional, la Presidenta de los Estados Unidos Mexicanos, Dra. Claudia Sheinbaum Pardo, acompa\u00f1ada por el Presidente de la Confederaci\u00f3n de C\u00e1maras Nacionales de Comercio, Servicios y Turismo, Octavio de la Torre, y el Secretario de Relaciones Exteriores, Juan Ram\u00f3n de la Fuente, presentaron El Buen Fin 2024, que se realizar\u00e1 del 15 al 18 de noviembre en todo el pa\u00eds.<\/p>\n\n\n\n<p>La presidenta de la Rep\u00fablica se\u00f1al\u00f3 que ante la cercan\u00eda de El Buen Fin 2024, el anunci\u00f3 es de vital importancia, por lo que invit\u00f3 al presidente de la CONCANACO SERVYTUR, Octavio de la Torre, a la ma\u00f1anera, para hablar sobre la importancia de la iniciativa.<\/p>\n\n\n\n<p>El Buen Fin 2024, la edici\u00f3n de la fiesta comercial m\u00e1s importante del a\u00f1o, impulsar\u00e1 el consumo responsable de productos y servicios nacionales, beneficiando tanto a los consumidores como a los m\u00e1s de 4.8 millones de negocios de todo el pa\u00eds, explic\u00f3 Octavio de la Torre, presidente de la Confederaci\u00f3n de C\u00e1maras Nacionales de Comercio, Servicios y Turismo (CONCANACO SERVYTUR M\u00e9xico).<\/p>\n\n\n\n<p>Al hacer uso de la palabra, Octavio de la Torre agradeci\u00f3 a la Presidenta de M\u00e9xico el espacio y se\u00f1al\u00f3 que \u201cEl Buen Fin es una tradici\u00f3n muy mexicana porque se ha consolidado a trav\u00e9s del tiempo y el pueblo de M\u00e9xico espera cada a\u00f1o esta fecha, (\u2026), al d\u00eda de hoy nos ha brindado una din\u00e1mica comercial que ha superado las metas, con una respuesta de la poblaci\u00f3n enorme, que ha visto en El Buen Fin una oportunidad para hacer rendir sus recursos, para adelantarse a las compras navide\u00f1as, para apoyar a la econom\u00eda local y comunitaria\u201d.<\/p>\n\n\n\n<p>El crecimiento de los m\u00e1s de 4.8 millones de negocios del sector terciario representados por CONCANACO SERVYTUR M\u00e9xico se ver\u00e1 reflejado en ventas tanto en l\u00ednea como en tiendas f\u00edsicas, con una derrama econ\u00f3mica proyectada de 165.5 mil millones de pesos, 10 por ciento m\u00e1s que el 2023.<\/p>\n\n\n\n<p>En esta edici\u00f3n de El Buen Fin, el presidente de la CONCANACO SERVYTUR llam\u00f3 precisamente a los ciudadanos a consumir productos de proximidad, apoyando as\u00ed a las empresas mexicanas.<\/p>\n\n\n\n<p>\u201cEstamos coordin\u00e1ndonos con los secretarios de Desarrollo Econ\u00f3mico de todo el pa\u00eds con la intenci\u00f3n de que los estados que tengan un distintivo de marca, de productos aut\u00f3ctonos, de su zona, se puedan subir a las plataformas y puedan promover sus productos ante los consumidores\u201d, dijo.<\/p>\n\n\n\n<p>Poco m\u00e1s tarde, tambi\u00e9n en rueda de prensa en la Secretar\u00eda de Econom\u00eda, con el titular Marcelo Ebrard, en representaci\u00f3n del sector terciario de la econom\u00eda nacional, De la Torre impuls\u00f3 la decimocuarta edici\u00f3n de El Buen Fin, un evento promovido por el propio organismo desde 2011 para fortalecer la econom\u00eda de todas las comunidades de M\u00e9xico, a trav\u00e9s del consumo interno y el liderazgo de las 257 c\u00e1maras confederadas.<\/p>\n\n\n\n<p>La Confederaci\u00f3n respalda a todos los negocios, con independencia de su tama\u00f1o, a trav\u00e9s de una estrategia digital integral, con \u00e9nfasis en el lanzamiento de la app El Buen Fin 2024 y el portal<br>www.elbuenfin.concanaco.com.mx.<\/p>\n\n\n\n<p>Mediante estas herramientas, los negocios podr\u00e1n registrar su participaci\u00f3n, informar sobre ofertas y promociones, y permitir a los consumidores localizar sus sucursales. Los consumidores, a su vez, podr\u00e1n adquirir productos y servicios a precios competitivos.<\/p>\n\n\n\n<p>En su intervenci\u00f3n el secretario de econom\u00eda, Marcelo Ebrard asegur\u00f3 que la iniciativa se apoya para respaldar a las empresas mexicanas, ya que es una ocasi\u00f3n en el a\u00f1o en el que puedan tener ventas superiores a lo que tienen en otros meses, e invit\u00f3 a las empresas a registrarse en la plataforma y a la poblaci\u00f3n a consumir productos nacionales, para impulsar la econom\u00eda local.<\/p>\n\n\n\n<p>En la presentaci\u00f3n de El Buen Fin 2024 en las instalaciones de la Secretar\u00eda de Econom\u00eda tambi\u00e9n participaron C\u00e9sar Iv\u00e1n Escalante Ruiz, titular de PROFECO; Miriam Sauza, Secretaria General de CONCANACO; Andrea Yoalli Hern\u00e1ndez Xoxotla, Administradora General de Servicios al Contribuyente; Jos\u00e9 Antonio Garc\u00eda Herrera, presidente de la C\u00e1mara Nacional de la Industria de Radio y Televisi\u00f3n (CIRT); y otras asociaciones civiles<\/p>\n","protected":false},"excerpt":{"rendered":"<p>Alejandro \u00c1vila Veracruz, Ver.- La Dra. Claudia Sheinbaum Pardo, presidenta de M\u00e9xico, y Octavio de la Torre, presidente de la CONCANACO SERVYTUR, presentaron El Buen Fin 2024, en Conferencia de prensa realizada en Palacio Nacional. Por su parte, en rueda de prensa realizada en la Secretar\u00eda de Econom\u00eda, Marcelo Ebrard se\u00f1al\u00f3 \u201cRecib\u00ed la indicaci\u00f3n de [&hellip;]<\/p>\n","protected":false},"author":2476,"featured_media":60527,"comment_status":"open","ping_status":"open","sticky":false,"template":"","format":"standard","meta":{"_jetpack_memberships_contains_paid_content":false,"footnotes":""},"categories":[12],"tags":[],"class_list":["post-60526","post","type-post","status-publish","format-standard","has-post-thumbnail","hentry","category-nacional"],"jetpack_featured_media_url":"https:\/\/encuentroinformativo.com.mx\/wp-content\/uploads\/2024\/11\/IMG-20241109-WA0006.jpg","jetpack_sharing_enabled":true,"jetpack_likes_enabled":true,"amp_enabled":true,"_links":{"self":[{"href":"https:\/\/encuentroinformativo.com.mx\/index.php?rest_route=\/wp\/v2\/posts\/60526","targetHints":{"allow":["GET"]}}],"collection":[{"href":"https:\/\/encuentroinformativo.com.mx\/index.php?rest_route=\/wp\/v2\/posts"}],"about":[{"href":"https:\/\/encuentroinformativo.com.mx\/index.php?rest_route=\/wp\/v2\/types\/post"}],"author":[{"embeddable":true,"href":"https:\/\/encuentroinformativo.com.mx\/index.php?rest_route=\/wp\/v2\/users\/2476"}],"replies":[{"embeddable":true,"href":"https:\/\/encuentroinformativo.com.mx\/index.php?rest_route=%2Fwp%2Fv2%2Fcomments&post=60526"}],"version-history":[{"count":1,"href":"https:\/\/encuentroinformativo.com.mx\/index.php?rest_route=\/wp\/v2\/posts\/60526\/revisions"}],"predecessor-version":[{"id":60528,"href":"https:\/\/encuentroinformativo.com.mx\/index.php?rest_route=\/wp\/v2\/posts\/60526\/revisions\/60528"}],"wp:featuredmedia":[{"embeddable":true,"href":"https:\/\/encuentroinformativo.com.mx\/index.php?rest_route=\/wp\/v2\/media\/60527"}],"wp:attachment":[{"href":"https:\/\/encuentroinformativo.com.mx\/index.php?rest_route=%2Fwp%2Fv2%2Fmedia&parent=60526"}],"wp:term":[{"taxonomy":"category","embeddable":true,"href":"https:\/\/encuentroinformativo.com.mx\/index.php?rest_route=%2Fwp%2Fv2%2Fcategories&post=60526"},{"taxonomy":"post_tag","embeddable":true,"href":"https:\/\/encuentroinformativo.com.mx\/index.php?rest_route=%2Fwp%2Fv2%2Ftags&post=60526"}],"curies":[{"name":"wp","href":"https:\/\/api.w.org\/{rel}","templated":true}]}}