{"id":60529,"date":"2024-11-09T13:32:22","date_gmt":"2024-11-09T19:32:22","guid":{"rendered":"https:\/\/encuentroinformativo.com.mx\/?p=60529"},"modified":"2024-11-09T13:32:28","modified_gmt":"2024-11-09T19:32:28","slug":"incrementan-casos-de-violencia-psicologica-contra-mujeres-magistrado","status":"publish","type":"post","link":"https:\/\/encuentroinformativo.com.mx\/?p=60529","title":{"rendered":"Incrementan casos de violencia psicol\u00f3gica contra mujeres: Magistrado"},"content":{"rendered":"\n<p><strong>Dar\u00edo Pale <\/strong><\/p>\n\n\n\n<p>Xalapa, Ver.- Advierte que se est\u00e1 registrando un incremento de casos de violencia psicol\u00f3gica en contra de la mujer, las lastima tanto que las mujeres se quitan la vida, as\u00ed lo dio a conocer Fernando C\u00f3rdova del Valle, magistrado del Segundo Tribunal Colegiado de Apelaci\u00f3n del Segundo Circuito, Toluca.<\/p>\n\n\n\n<p>Entrevistado previo a su ponencia \u201cDerecho de la mujer a una vida libre de violencia, an\u00e1lisis de sentencias relevantes\u201d, refiri\u00f3 que a trav\u00e9s de la violencia psicol\u00f3gica se lastima tanto a una persona que termina quit\u00e1ndose la vida.<\/p>\n\n\n\n<p>Dio a conocer que en un caso que le toc\u00f3 analizar de una mujer que padec\u00eda violencia psicol\u00f3gica, ella decidi\u00f3 quitarse la vida, pero la madre argument\u00f3 que se trat\u00f3 de un feminicidio.<\/p>\n\n\n\n<p>&#8220;Realmente est\u00e1 acreditado que s\u00ed se quit\u00f3 la vida, pero nunca vemos las causas, el motivo que origin\u00f3 eso, eso es lo que buscamos\u201d, se\u00f1al\u00f3.<\/p>\n\n\n\n<p>\u201c\u00bfPor qu\u00e9 la reincidencia? Hay que ser realistas, nosotros vamos a las autoridades ministeriales y no nos creen, nadie cree. Es m\u00e1s dicen: se ve bien grandota, c\u00f3mo se va a dejar de su esposo que es chaparrito&#8221;, agreg\u00f3.<\/p>\n\n\n\n<p>En la Casa de la Cultura Jur\u00eddica, manifest\u00f3 que deben ser obligatorias las fiscal\u00edas especializadas en delitos cometidos contra las mujeres, pero lo que debe haber es gente realmente preparada, sensible.<\/p>\n\n\n\n<p>&#8220;Porque para qu\u00e9 me sirven cien mil fiscal\u00edas si a veces ni se logra una carpeta de investigaci\u00f3n y no estoy hablando de llegar a una sentencia&#8221;, expres\u00f3.<\/p>\n\n\n\n<p>Recalc\u00f3 que no se trata de que solamente haya mujeres atendiendo las fiscal\u00edas, sino que haya gente preparada y sensible.<\/p>\n\n\n\n<p>Por \u00faltimo el togado pidi\u00f3 que se les crea a los j\u00f3venes cuando dicen que son v\u00edctimas de violencia a\u00fan y cuando no haya rastros de \u00e9sta de manera f\u00edsica, porque seguramente se trata de violencia psicol\u00f3gica.<\/p>\n","protected":false},"excerpt":{"rendered":"<p>Dar\u00edo Pale Xalapa, Ver.- Advierte que se est\u00e1 registrando un incremento de casos de violencia psicol\u00f3gica en contra de la mujer, las lastima tanto que las mujeres se quitan la vida, as\u00ed lo dio a conocer Fernando C\u00f3rdova del Valle, magistrado del Segundo Tribunal Colegiado de Apelaci\u00f3n del Segundo Circuito, Toluca. Entrevistado previo a su [&hellip;]<\/p>\n","protected":false},"author":2476,"featured_media":60530,"comment_status":"open","ping_status":"open","sticky":false,"template":"","format":"standard","meta":{"_jetpack_memberships_contains_paid_content":false,"footnotes":""},"categories":[2],"tags":[],"class_list":["post-60529","post","type-post","status-publish","format-standard","has-post-thumbnail","hentry","category-estado"],"jetpack_featured_media_url":"https:\/\/encuentroinformativo.com.mx\/wp-content\/uploads\/2024\/11\/IMG-20241109-WA00112.jpg","jetpack_sharing_enabled":true,"jetpack_likes_enabled":true,"amp_enabled":true,"_links":{"self":[{"href":"https:\/\/encuentroinformativo.com.mx\/index.php?rest_route=\/wp\/v2\/posts\/60529","targetHints":{"allow":["GET"]}}],"collection":[{"href":"https:\/\/encuentroinformativo.com.mx\/index.php?rest_route=\/wp\/v2\/posts"}],"about":[{"href":"https:\/\/encuentroinformativo.com.mx\/index.php?rest_route=\/wp\/v2\/types\/post"}],"author":[{"embeddable":true,"href":"https:\/\/encuentroinformativo.com.mx\/index.php?rest_route=\/wp\/v2\/users\/2476"}],"replies":[{"embeddable":true,"href":"https:\/\/encuentroinformativo.com.mx\/index.php?rest_route=%2Fwp%2Fv2%2Fcomments&post=60529"}],"version-history":[{"count":1,"href":"https:\/\/encuentroinformativo.com.mx\/index.php?rest_route=\/wp\/v2\/posts\/60529\/revisions"}],"predecessor-version":[{"id":60531,"href":"https:\/\/encuentroinformativo.com.mx\/index.php?rest_route=\/wp\/v2\/posts\/60529\/revisions\/60531"}],"wp:featuredmedia":[{"embeddable":true,"href":"https:\/\/encuentroinformativo.com.mx\/index.php?rest_route=\/wp\/v2\/media\/60530"}],"wp:attachment":[{"href":"https:\/\/encuentroinformativo.com.mx\/index.php?rest_route=%2Fwp%2Fv2%2Fmedia&parent=60529"}],"wp:term":[{"taxonomy":"category","embeddable":true,"href":"https:\/\/encuentroinformativo.com.mx\/index.php?rest_route=%2Fwp%2Fv2%2Fcategories&post=60529"},{"taxonomy":"post_tag","embeddable":true,"href":"https:\/\/encuentroinformativo.com.mx\/index.php?rest_route=%2Fwp%2Fv2%2Ftags&post=60529"}],"curies":[{"name":"wp","href":"https:\/\/api.w.org\/{rel}","templated":true}]}}