{"id":60532,"date":"2024-11-09T13:36:19","date_gmt":"2024-11-09T19:36:19","guid":{"rendered":"https:\/\/encuentroinformativo.com.mx\/?p=60532"},"modified":"2024-11-09T13:36:25","modified_gmt":"2024-11-09T19:36:25","slug":"segun-encuesta-pepin-ruiz-favorito-para-candidato-a-alcaldia-portena","status":"publish","type":"post","link":"https:\/\/encuentroinformativo.com.mx\/?p=60532","title":{"rendered":"Seg\u00fan encuesta, Pep\u00edn Ruiz &#8216;favorito&#8217; para candidato a alcald\u00eda porte\u00f1a"},"content":{"rendered":"\n<p><strong>Alejandro \u00c1vila<\/strong><\/p>\n\n\n\n<p>Veracruz, Ver.- De acuerdo con la prestigiosa casa encuestadora Demotecnia de las Heras, el diputado local Pep\u00edn Ruiz, es el candidato de Morena que las porte\u00f1as y porte\u00f1os prefieren para la alcald\u00eda de este municipio en el a\u00f1o 2025.<\/p>\n\n\n\n<p>Seg\u00fan la medici\u00f3n realizada en 600 viviendas cara a cara del municipio porte\u00f1o, el tambi\u00e9n empresario encabeza las preferencias ciudadanas con el 39.7 por ciento, seguido de la diputada federal, Rosa Mar\u00eda Hern\u00e1ndez Espejo, con el 15.8 por ciento y en tercer lugar se encuentra Anil\u00fa Ingram, con el 9.1 por ciento.<\/p>\n\n\n\n<p>De acuerdo a la encuesta, levantada los d\u00edas 12 y 13 de octubre, en cuanto lugar de las preferencias de los porte\u00f1os se encuentra el senador Miguel \u00c1ngel Yunes M\u00e1rquez, seguido por Ricardo Exsome con el 6.2 y la diputada local Bertha Ahued Malpica con el 4.5 por ciento.<\/p>\n\n\n\n<p>Seg\u00fan la encuestadora Demotecnia de las Heras, 0.6 por ciento respondi\u00f3 que cualquier otro personaje; el 8.1 respondi\u00f3 que ninguno y el 7.1 dijo no saber.<\/p>\n","protected":false},"excerpt":{"rendered":"<p>Alejandro \u00c1vila Veracruz, Ver.- De acuerdo con la prestigiosa casa encuestadora Demotecnia de las Heras, el diputado local Pep\u00edn Ruiz, es el candidato de Morena que las porte\u00f1as y porte\u00f1os prefieren para la alcald\u00eda de este municipio en el a\u00f1o 2025. Seg\u00fan la medici\u00f3n realizada en 600 viviendas cara a cara del municipio porte\u00f1o, el [&hellip;]<\/p>\n","protected":false},"author":2476,"featured_media":60533,"comment_status":"open","ping_status":"open","sticky":false,"template":"","format":"standard","meta":{"_jetpack_memberships_contains_paid_content":false,"footnotes":""},"categories":[2],"tags":[],"class_list":["post-60532","post","type-post","status-publish","format-standard","has-post-thumbnail","hentry","category-estado"],"jetpack_featured_media_url":"https:\/\/encuentroinformativo.com.mx\/wp-content\/uploads\/2024\/11\/IMG-20241109-WA0008.jpg","jetpack_sharing_enabled":true,"jetpack_likes_enabled":true,"amp_enabled":true,"_links":{"self":[{"href":"https:\/\/encuentroinformativo.com.mx\/index.php?rest_route=\/wp\/v2\/posts\/60532","targetHints":{"allow":["GET"]}}],"collection":[{"href":"https:\/\/encuentroinformativo.com.mx\/index.php?rest_route=\/wp\/v2\/posts"}],"about":[{"href":"https:\/\/encuentroinformativo.com.mx\/index.php?rest_route=\/wp\/v2\/types\/post"}],"author":[{"embeddable":true,"href":"https:\/\/encuentroinformativo.com.mx\/index.php?rest_route=\/wp\/v2\/users\/2476"}],"replies":[{"embeddable":true,"href":"https:\/\/encuentroinformativo.com.mx\/index.php?rest_route=%2Fwp%2Fv2%2Fcomments&post=60532"}],"version-history":[{"count":1,"href":"https:\/\/encuentroinformativo.com.mx\/index.php?rest_route=\/wp\/v2\/posts\/60532\/revisions"}],"predecessor-version":[{"id":60534,"href":"https:\/\/encuentroinformativo.com.mx\/index.php?rest_route=\/wp\/v2\/posts\/60532\/revisions\/60534"}],"wp:featuredmedia":[{"embeddable":true,"href":"https:\/\/encuentroinformativo.com.mx\/index.php?rest_route=\/wp\/v2\/media\/60533"}],"wp:attachment":[{"href":"https:\/\/encuentroinformativo.com.mx\/index.php?rest_route=%2Fwp%2Fv2%2Fmedia&parent=60532"}],"wp:term":[{"taxonomy":"category","embeddable":true,"href":"https:\/\/encuentroinformativo.com.mx\/index.php?rest_route=%2Fwp%2Fv2%2Fcategories&post=60532"},{"taxonomy":"post_tag","embeddable":true,"href":"https:\/\/encuentroinformativo.com.mx\/index.php?rest_route=%2Fwp%2Fv2%2Ftags&post=60532"}],"curies":[{"name":"wp","href":"https:\/\/api.w.org\/{rel}","templated":true}]}}