{"id":60547,"date":"2024-11-09T21:48:06","date_gmt":"2024-11-10T03:48:06","guid":{"rendered":"https:\/\/encuentroinformativo.com.mx\/?p=60547"},"modified":"2024-11-09T21:48:13","modified_gmt":"2024-11-10T03:48:13","slug":"unidos-todos-brinda-calida-recepcion-a-maria-luisa-alcalde-andres-manuel-lopez-beltran-y-rocio-nahle-en-la-asamblea-informativa","status":"publish","type":"post","link":"https:\/\/encuentroinformativo.com.mx\/?p=60547","title":{"rendered":"UNIDOS TODOS brinda c\u00e1lida recepci\u00f3n a Mar\u00eda Luisa Alcalde, Andr\u00e9s Manuel L\u00f3pez Beltr\u00e1n y Roc\u00edo Nahle en la asamblea informativa"},"content":{"rendered":"\n<p><strong>* <em>Diputado federal Eleazar Guerrero P\u00e9rez: \u201cHoy s\u00ed vamos a cambiar este pa\u00eds porque se ha democratizado al Poder Judicial<\/em>&#8220;.<\/strong><\/p>\n\n\n\n<p>Boca del R\u00edo, Ver.- La expresi\u00f3n ciudadana UNIDOS TODOS, que dirige el diputado federal Eleazar Guerrero P\u00e9rez, particip\u00f3 en la asamblea informativa encabezada por el Comit\u00e9 Ejecutivo Nacional de Morena en el World Trade Center de Boca del R\u00edo.<\/p>\n\n\n\n<p>Este evento, que tuvo lugar hoy a las 12:00 horas, cont\u00f3 con la participaci\u00f3n de militantes provenientes de los 212 municipios del estado de Veracruz, quienes recibieron con entusiasmo a la nueva dirigente nacional de Morena, Luisa Mar\u00eda Alcalde Luj\u00e1n, y al secretario de organizaci\u00f3n, Andr\u00e9s Manuel L\u00f3pez Beltr\u00e1n, as\u00ed como a la gobernadora electa Roc\u00edo Nahle.<\/p>\n\n\n\n<p>La asamblea fue convocada con el objetivo de informar a los asistentes sobre las recientes dificultades enfrentadas por el Congreso Federal para implementar la reforma al Poder Judicial, que ya ha sido convertida en ley, pero que enfrent\u00f3 resistencia por parte del mismo Poder Judicial. En este contexto, Luisa Mar\u00eda Alcalde expres\u00f3 su satisfacci\u00f3n por los logros alcanzados ante lo que se transform\u00f3 en la \u00faltima trinchera del conservadurismo, destacando la importancia de continuar con los cambios necesarios para el pa\u00eds.<\/p>\n\n\n\n<p>Durante la asamblea, Eleazar Guerrero P\u00e9rez comparti\u00f3 su perspectiva sobre el evento: \u201cVenimos aqu\u00ed con mucho gusto a la Asamblea Informativa de nuestro partido, pero con un \u00e1nimo de alegr\u00eda para festejar el triunfo del pueblo sobre todas las trampas que quisieron hacer en la corte. Hoy el triunfo del pueblo es algo verdadero. Hoy s\u00ed vamos a cambiar este pa\u00eds porque se ha democratizado al Poder Judicial\u201d. Guerrero invit\u00f3 a todos a seguir celebrando este logro en una pr\u00f3xima reuni\u00f3n programada para ma\u00f1ana en la Plaza Lerdo, en el coraz\u00f3n de Veracruz.<\/p>\n\n\n\n<p>Este evento no solo reafirma el compromiso de UNIDOS TODOS con la transformaci\u00f3n pol\u00edtica y social del pa\u00eds, sino que tambi\u00e9n destaca la relevancia de la participaci\u00f3n ciudadana organizada en el proceso pol\u00edtico actual. La presencia de l\u00edderes destacados y militantes demuestra un s\u00f3lido apoyo hacia las iniciativas morenistas y su enfoque en enfrentar los desaf\u00edos que se presentan en el camino hacia un pa\u00eds con plena justicia social.<\/p>\n\n\n\n<figure class=\"wp-block-image size-large\"><img loading=\"lazy\" decoding=\"async\" width=\"1024\" height=\"768\" src=\"https:\/\/encuentroinformativo.com.mx\/wp-content\/uploads\/2024\/11\/1000420499-1024x768.jpg\" alt=\"\" class=\"wp-image-60549\" srcset=\"https:\/\/encuentroinformativo.com.mx\/wp-content\/uploads\/2024\/11\/1000420499-1024x768.jpg 1024w, https:\/\/encuentroinformativo.com.mx\/wp-content\/uploads\/2024\/11\/1000420499-300x225.jpg 300w, https:\/\/encuentroinformativo.com.mx\/wp-content\/uploads\/2024\/11\/1000420499-768x576.jpg 768w, https:\/\/encuentroinformativo.com.mx\/wp-content\/uploads\/2024\/11\/1000420499-1536x1152.jpg 1536w, https:\/\/encuentroinformativo.com.mx\/wp-content\/uploads\/2024\/11\/1000420499-2048x1536.jpg 2048w\" sizes=\"auto, (max-width: 1024px) 100vw, 1024px\" \/><\/figure>\n\n\n\n<figure class=\"wp-block-image size-large\"><img loading=\"lazy\" decoding=\"async\" width=\"1024\" height=\"478\" src=\"https:\/\/encuentroinformativo.com.mx\/wp-content\/uploads\/2024\/11\/1000420498-1024x478.jpg\" alt=\"\" class=\"wp-image-60550\" srcset=\"https:\/\/encuentroinformativo.com.mx\/wp-content\/uploads\/2024\/11\/1000420498-1024x478.jpg 1024w, https:\/\/encuentroinformativo.com.mx\/wp-content\/uploads\/2024\/11\/1000420498-300x140.jpg 300w, https:\/\/encuentroinformativo.com.mx\/wp-content\/uploads\/2024\/11\/1000420498-768x359.jpg 768w, https:\/\/encuentroinformativo.com.mx\/wp-content\/uploads\/2024\/11\/1000420498-1536x717.jpg 1536w, https:\/\/encuentroinformativo.com.mx\/wp-content\/uploads\/2024\/11\/1000420498-2048x956.jpg 2048w\" sizes=\"auto, (max-width: 1024px) 100vw, 1024px\" \/><\/figure>\n","protected":false},"excerpt":{"rendered":"<p>* Diputado federal Eleazar Guerrero P\u00e9rez: \u201cHoy s\u00ed vamos a cambiar este pa\u00eds porque se ha democratizado al Poder Judicial&#8220;. Boca del R\u00edo, Ver.- La expresi\u00f3n ciudadana UNIDOS TODOS, que dirige el diputado federal Eleazar Guerrero P\u00e9rez, particip\u00f3 en la asamblea informativa encabezada por el Comit\u00e9 Ejecutivo Nacional de Morena en el World Trade Center [&hellip;]<\/p>\n","protected":false},"author":2476,"featured_media":60548,"comment_status":"open","ping_status":"open","sticky":false,"template":"","format":"standard","meta":{"_jetpack_memberships_contains_paid_content":false,"footnotes":""},"categories":[2],"tags":[],"class_list":["post-60547","post","type-post","status-publish","format-standard","has-post-thumbnail","hentry","category-estado"],"jetpack_featured_media_url":"https:\/\/encuentroinformativo.com.mx\/wp-content\/uploads\/2024\/11\/IMG-20241109-WA00752.jpg","jetpack_sharing_enabled":true,"jetpack_likes_enabled":true,"amp_enabled":true,"_links":{"self":[{"href":"https:\/\/encuentroinformativo.com.mx\/index.php?rest_route=\/wp\/v2\/posts\/60547","targetHints":{"allow":["GET"]}}],"collection":[{"href":"https:\/\/encuentroinformativo.com.mx\/index.php?rest_route=\/wp\/v2\/posts"}],"about":[{"href":"https:\/\/encuentroinformativo.com.mx\/index.php?rest_route=\/wp\/v2\/types\/post"}],"author":[{"embeddable":true,"href":"https:\/\/encuentroinformativo.com.mx\/index.php?rest_route=\/wp\/v2\/users\/2476"}],"replies":[{"embeddable":true,"href":"https:\/\/encuentroinformativo.com.mx\/index.php?rest_route=%2Fwp%2Fv2%2Fcomments&post=60547"}],"version-history":[{"count":1,"href":"https:\/\/encuentroinformativo.com.mx\/index.php?rest_route=\/wp\/v2\/posts\/60547\/revisions"}],"predecessor-version":[{"id":60551,"href":"https:\/\/encuentroinformativo.com.mx\/index.php?rest_route=\/wp\/v2\/posts\/60547\/revisions\/60551"}],"wp:featuredmedia":[{"embeddable":true,"href":"https:\/\/encuentroinformativo.com.mx\/index.php?rest_route=\/wp\/v2\/media\/60548"}],"wp:attachment":[{"href":"https:\/\/encuentroinformativo.com.mx\/index.php?rest_route=%2Fwp%2Fv2%2Fmedia&parent=60547"}],"wp:term":[{"taxonomy":"category","embeddable":true,"href":"https:\/\/encuentroinformativo.com.mx\/index.php?rest_route=%2Fwp%2Fv2%2Fcategories&post=60547"},{"taxonomy":"post_tag","embeddable":true,"href":"https:\/\/encuentroinformativo.com.mx\/index.php?rest_route=%2Fwp%2Fv2%2Ftags&post=60547"}],"curies":[{"name":"wp","href":"https:\/\/api.w.org\/{rel}","templated":true}]}}