{"id":60552,"date":"2024-11-10T12:26:04","date_gmt":"2024-11-10T18:26:04","guid":{"rendered":"https:\/\/encuentroinformativo.com.mx\/?p=60552"},"modified":"2024-11-10T12:26:09","modified_gmt":"2024-11-10T18:26:09","slug":"celebra-diputado-eleazar-guerrero-perez-triunfo-del-pueblo","status":"publish","type":"post","link":"https:\/\/encuentroinformativo.com.mx\/?p=60552","title":{"rendered":"Celebra Diputado Eleazar Guerrero P\u00e9rez, triunfo del pueblo"},"content":{"rendered":"\n<p><strong>* En presencia de miles de militantes morenistas se realiz\u00f3 Asamblea Informativa con la participaci\u00f3n de Unidos Todos.<\/strong><\/p>\n\n\n\n<p>Boca del R\u00edo, Ver.- Este d\u00eda se dieron cita miles de militantes del Movimiento de Regeneraci\u00f3n Nacional (MORENA) en el WTC de Veracruz para llevar a cabo una asamblea informativa con el comit\u00e9 ejecutivo nacional.<\/p>\n\n\n\n<p>Dicha reuni\u00f3n cont\u00f3 con la participaci\u00f3n de la Dirigente del Comit\u00e9 Nacional de Morena, Luisa Mar\u00eda Alcalde Lujan, el Secretario de Organizaci\u00f3n, Andr\u00e9s Manuel L\u00f3pez Beltr\u00e1n, as\u00ed como la Gobernadora electa de Veracruz, Roc\u00edo Nahle Garc\u00eda.<\/p>\n\n\n\n<p>Al respecto, el Diputado Federal, Eleazar Guerrero P\u00e9rez reconoci\u00f3 haber acudido a la cita lleno de orgullo y el \u00e1nimo de festejar el triunfo del pueblo sobre todas las trampas que quisieron hacerse desde la corte para evitar la reforma al poder judicial.<\/p>\n\n\n\n<p>\u201cEl triunfo del pueblo es algo verdadero, vamos a cambiar el pa\u00eds porque se ha democratizado el poder judicial\u201d, reconoci\u00f3.<\/p>\n\n\n\n<p>Adelant\u00f3 que este domingo en punto de las 12 del d\u00eda se realizar\u00e1 en Xalapa, ua concentraci\u00f3n para celebrar dicho triunfo. \u201cEstaremos festejando en la capital del estado, en plaza Lerdo, desde el coraz\u00f3n de Veracruz a las 12 del d\u00eda, un triunfo que es de todo el pueblo de Veracruz\u201d, puntualiz\u00f3.<\/p>\n","protected":false},"excerpt":{"rendered":"<p>* En presencia de miles de militantes morenistas se realiz\u00f3 Asamblea Informativa con la participaci\u00f3n de Unidos Todos. Boca del R\u00edo, Ver.- Este d\u00eda se dieron cita miles de militantes del Movimiento de Regeneraci\u00f3n Nacional (MORENA) en el WTC de Veracruz para llevar a cabo una asamblea informativa con el comit\u00e9 ejecutivo nacional. Dicha reuni\u00f3n [&hellip;]<\/p>\n","protected":false},"author":2476,"featured_media":60553,"comment_status":"open","ping_status":"open","sticky":false,"template":"","format":"standard","meta":{"_jetpack_memberships_contains_paid_content":false,"footnotes":""},"categories":[2],"tags":[],"class_list":["post-60552","post","type-post","status-publish","format-standard","has-post-thumbnail","hentry","category-estado"],"jetpack_featured_media_url":"https:\/\/encuentroinformativo.com.mx\/wp-content\/uploads\/2024\/11\/IMG-20241109-WA00742-scaled.jpg","jetpack_sharing_enabled":true,"jetpack_likes_enabled":true,"amp_enabled":true,"_links":{"self":[{"href":"https:\/\/encuentroinformativo.com.mx\/index.php?rest_route=\/wp\/v2\/posts\/60552","targetHints":{"allow":["GET"]}}],"collection":[{"href":"https:\/\/encuentroinformativo.com.mx\/index.php?rest_route=\/wp\/v2\/posts"}],"about":[{"href":"https:\/\/encuentroinformativo.com.mx\/index.php?rest_route=\/wp\/v2\/types\/post"}],"author":[{"embeddable":true,"href":"https:\/\/encuentroinformativo.com.mx\/index.php?rest_route=\/wp\/v2\/users\/2476"}],"replies":[{"embeddable":true,"href":"https:\/\/encuentroinformativo.com.mx\/index.php?rest_route=%2Fwp%2Fv2%2Fcomments&post=60552"}],"version-history":[{"count":1,"href":"https:\/\/encuentroinformativo.com.mx\/index.php?rest_route=\/wp\/v2\/posts\/60552\/revisions"}],"predecessor-version":[{"id":60554,"href":"https:\/\/encuentroinformativo.com.mx\/index.php?rest_route=\/wp\/v2\/posts\/60552\/revisions\/60554"}],"wp:featuredmedia":[{"embeddable":true,"href":"https:\/\/encuentroinformativo.com.mx\/index.php?rest_route=\/wp\/v2\/media\/60553"}],"wp:attachment":[{"href":"https:\/\/encuentroinformativo.com.mx\/index.php?rest_route=%2Fwp%2Fv2%2Fmedia&parent=60552"}],"wp:term":[{"taxonomy":"category","embeddable":true,"href":"https:\/\/encuentroinformativo.com.mx\/index.php?rest_route=%2Fwp%2Fv2%2Fcategories&post=60552"},{"taxonomy":"post_tag","embeddable":true,"href":"https:\/\/encuentroinformativo.com.mx\/index.php?rest_route=%2Fwp%2Fv2%2Ftags&post=60552"}],"curies":[{"name":"wp","href":"https:\/\/api.w.org\/{rel}","templated":true}]}}