{"id":60555,"date":"2024-11-10T12:32:01","date_gmt":"2024-11-10T18:32:01","guid":{"rendered":"https:\/\/encuentroinformativo.com.mx\/?p=60555"},"modified":"2024-11-10T12:32:06","modified_gmt":"2024-11-10T18:32:06","slug":"aumenta-presencia-de-mujeres-en-caravanas-migrantes-las-patronas","status":"publish","type":"post","link":"https:\/\/encuentroinformativo.com.mx\/?p=60555","title":{"rendered":"Aumenta presencia de mujeres en caravanas migrantes: Las Patronas"},"content":{"rendered":"\n<p><strong>Dar\u00edo Pale <\/strong><\/p>\n\n\n\n<p>Xalapa, Ver.- Norma Romero V\u00e1zquez, integrante de \u201cLas Patronas\u201d, dio a conocer que las caravanas de migrantes que cruzan por el sureste del pa\u00eds aumentaron el paso de centroamericanos por Veracruz\u00a0 la mayor\u00eda son mujeres con ni\u00f1os que cruzan o intentan cruzar a trav\u00e9s de las v\u00edas del tren.\u00a0\u00a0<\/p>\n\n\n\n<p>En entrevista se\u00f1al\u00f3 que el flujo de migrantes aument\u00f3 el trabajo de Las Patronas, mujeres voluntarias que asisten con comida y alojamiento a los migrantes en la localidad Guadalupe La Patrona, en el municipio de Amatl\u00e1n de los Reyes.\u00a0 \u00a0<\/p>\n\n\n\n<p>\u201cHa aumentado por el tipo de caravanas que est\u00e1n saliendo, muchas de ellas se est\u00e1n desintegrando y muchos de ellos est\u00e1n agarrando las v\u00edas f\u00e9rreas nuevamente y eso hace que muchos de ellos est\u00e9n expuestos\u201d, se\u00f1al\u00f3.<\/p>\n\n\n\n<p>\u201cLa mayor parte de la gente est\u00e1 viajando en tren, no tienen dinero y tristemente en los autobuses los est\u00e1n bajando\u201d, agreg\u00f3.<\/p>\n\n\n\n<p>\u201cLa mayor\u00eda de las personas que ven\u00edan en caravanas eran mujeres con ni\u00f1os, ven\u00edan en las carriolas, muchos de ellos ven\u00edan bastante lastimados de sus piecitos porque caminaron\u201d, inform\u00f3.<\/p>\n\n\n\n<p>La integrante de Las Patronas particip\u00f3 en la conferencia \u201cLas mujeres migrantes y las violencias de g\u00e9nero\u201d organizada por estudiantes de la Universidad Popular Aut\u00f3noma de Veracruz (UPAV).\u00a0\u00a0<\/p>\n\n\n\n<p>Por otra parte Abigail Mendoza , estudiante de Criminolog\u00eda y Criminal\u00edstica en la UPAV, coment\u00f3 que, \u201ccomo estudiantes, sensibilizarnos ante estas causas, como estudiantes de criminolog\u00eda que finalmente es una ciencia que busca prevenir el delito, generar esta sensibilizaci\u00f3n y conciencia para los compa\u00f1eros\u201d.<\/p>\n\n\n\n<p>Por \u00faltimo cabe se\u00f1alar que los estudiantes de la UPAV realizaron esta conferencia con causa y lograron acopiar alimentos no perecederos que fueron donados a Las Patronas con el fin de que sigan alimentando y apoyando a los migrantes en su paso por nuestro estado.<\/p>\n","protected":false},"excerpt":{"rendered":"<p>Dar\u00edo Pale Xalapa, Ver.- Norma Romero V\u00e1zquez, integrante de \u201cLas Patronas\u201d, dio a conocer que las caravanas de migrantes que cruzan por el sureste del pa\u00eds aumentaron el paso de centroamericanos por Veracruz\u00a0 la mayor\u00eda son mujeres con ni\u00f1os que cruzan o intentan cruzar a trav\u00e9s de las v\u00edas del tren.\u00a0\u00a0 En entrevista se\u00f1al\u00f3 que [&hellip;]<\/p>\n","protected":false},"author":2476,"featured_media":60556,"comment_status":"open","ping_status":"open","sticky":false,"template":"","format":"standard","meta":{"_jetpack_memberships_contains_paid_content":false,"footnotes":""},"categories":[2],"tags":[],"class_list":["post-60555","post","type-post","status-publish","format-standard","has-post-thumbnail","hentry","category-estado"],"jetpack_featured_media_url":"https:\/\/encuentroinformativo.com.mx\/wp-content\/uploads\/2024\/11\/IMG-20241109-WA00492.jpg","jetpack_sharing_enabled":true,"jetpack_likes_enabled":true,"amp_enabled":true,"_links":{"self":[{"href":"https:\/\/encuentroinformativo.com.mx\/index.php?rest_route=\/wp\/v2\/posts\/60555","targetHints":{"allow":["GET"]}}],"collection":[{"href":"https:\/\/encuentroinformativo.com.mx\/index.php?rest_route=\/wp\/v2\/posts"}],"about":[{"href":"https:\/\/encuentroinformativo.com.mx\/index.php?rest_route=\/wp\/v2\/types\/post"}],"author":[{"embeddable":true,"href":"https:\/\/encuentroinformativo.com.mx\/index.php?rest_route=\/wp\/v2\/users\/2476"}],"replies":[{"embeddable":true,"href":"https:\/\/encuentroinformativo.com.mx\/index.php?rest_route=%2Fwp%2Fv2%2Fcomments&post=60555"}],"version-history":[{"count":1,"href":"https:\/\/encuentroinformativo.com.mx\/index.php?rest_route=\/wp\/v2\/posts\/60555\/revisions"}],"predecessor-version":[{"id":60557,"href":"https:\/\/encuentroinformativo.com.mx\/index.php?rest_route=\/wp\/v2\/posts\/60555\/revisions\/60557"}],"wp:featuredmedia":[{"embeddable":true,"href":"https:\/\/encuentroinformativo.com.mx\/index.php?rest_route=\/wp\/v2\/media\/60556"}],"wp:attachment":[{"href":"https:\/\/encuentroinformativo.com.mx\/index.php?rest_route=%2Fwp%2Fv2%2Fmedia&parent=60555"}],"wp:term":[{"taxonomy":"category","embeddable":true,"href":"https:\/\/encuentroinformativo.com.mx\/index.php?rest_route=%2Fwp%2Fv2%2Fcategories&post=60555"},{"taxonomy":"post_tag","embeddable":true,"href":"https:\/\/encuentroinformativo.com.mx\/index.php?rest_route=%2Fwp%2Fv2%2Ftags&post=60555"}],"curies":[{"name":"wp","href":"https:\/\/api.w.org\/{rel}","templated":true}]}}