{"id":60565,"date":"2024-11-11T09:23:30","date_gmt":"2024-11-11T15:23:30","guid":{"rendered":"https:\/\/encuentroinformativo.com.mx\/?p=60565"},"modified":"2024-11-11T09:23:36","modified_gmt":"2024-11-11T15:23:36","slug":"se-invisibiliza-la-violencia","status":"publish","type":"post","link":"https:\/\/encuentroinformativo.com.mx\/?p=60565","title":{"rendered":"SE INVISIBILIZA LA VIOLENCIA"},"content":{"rendered":"\n<p><strong>N\u00fameros Rojos<\/strong><\/p>\n\n\n\n<p><strong>Brenda Caballero<\/strong><\/p>\n\n\n\n<p>\u00bfPor qu\u00e9 no hablamos de los hombres violentados, si tambi\u00e9n existen? fue una pregunta que le hicieron a Fernando C\u00f3rdova del Valle, Magistrado del Segundo Tribunal Colegiado de Apelaci\u00f3n del Segundo Circuito, Toluca, en alguna de sus charlas impartidas.<\/p>\n\n\n\n<p>\u00c9l contest\u00f3 que aunque hay hombres violentados, no se compara con la violencia que sufren las mujeres con porcentajes del 65 al 75 % del que sufren ellos, asegurando que son micromachismos los que cotidianamente siguen contribuyendo a esa inequidad.<\/p>\n\n\n\n<p>Ahora toc\u00f3 a la Casa de la Cultura Jur\u00eddica con sede en Xalapa recibir al magistrado, quien el pasado viernes imparti\u00f3 la Conferencia \u201cDerecho de la Mujer a una Vida Libre de Violencia. An\u00e1lisis de Sentencias Relevantes\u201d.<\/p>\n\n\n\n<p>Ante un p\u00fablico en su mayor\u00eda mujeres, inici\u00f3 recordando sus or\u00edgenes jarochos, as\u00ed como venir de la cultura del esfuerzo, pues empez\u00f3 limpiando pisos pero se esforz\u00f3 por ser juez y hoy magistrado, por eso insisti\u00f3: \u201cno importa de d\u00f3nde vengas, puedes lograr lo que te propongas\u201d.<\/p>\n\n\n\n<p>El tambi\u00e9n autor del libro \u201cHaz de tus principios y valores un h\u00e1bito en tu vida\u201d, se\u00f1al\u00f3 que aunque seamos personas tranquilas, no ejerzamos violencia en nuestras familias,\u00a0nuestros hijos, pueden llegar y contarnos alg\u00fan caso de violencia que suceda en su entorno, incluso escuchar a nuestros hijos decir \u201ces que pap\u00e1\u2026 es una ni\u00f1a\u201d, es un foco rojo de que nuestro hijo puede estar viviendo en un entorno de violencia\u00a0 normalizado en la escuela.<\/p>\n\n\n\n<p>Insisti\u00f3 en decir al p\u00fablico que si saben de alg\u00fan caso de violencia, hay que denunciar.<\/p>\n\n\n\n<p>Record\u00f3 el caso viralizado\u00a0 del estudiante de medicina que golpe\u00f3 a su novia en Tamaulipas, pues le preguntaron recientemente: \u00bfQu\u00e9 har\u00eda si hubiera sido su hijo el agresor? A lo que contest\u00f3: \u201csi fuera mi hijo, yo lo entregar\u00eda\u201d pues refiere que hay personas que han tratado de\u00a0 defender al joven diciendo que hizo lo que hizo, porque algo lo orill\u00f3.<\/p>\n\n\n\n<p>Recalc\u00f3 que el derecho de las mujeres a vivir una vida libre de violencia debe ser un principio fundamental, para que ninguna mujer sufra abuso, discriminaci\u00f3n en cualquier \u00e1mbito de su vida ni tampoco violencia pol\u00edtica. Por lo mismo cit\u00f3 los tipos de violencia como la f\u00edsica, la psicol\u00f3gica (no se puede ver, no se puede percibir y trae consecuencias grav\u00edsimas), la sexual, incluye el acoso, abuso sexual, hostigamiento, y recientemente el piropo, as\u00ed como la Violencia patrimonial, muchas veces desconocida, pero tan frecuente.<\/p>\n\n\n\n<p>Igual recalc\u00f3 la importancia de juzgar con perspectiva de g\u00e9nero, es decir, juzgar considerando las situaciones de desventaja hacia las mujeres.<\/p>\n\n\n\n<p>Ya para finalizar su conferencia, indic\u00f3 las tesis que ha relacionado la Suprema Corte de Justicia de Naci\u00f3n contra la violencia hacia las mujeres, como el tratamiento psicol\u00f3gico especializado en caso de violencia familiar, la violencia familiar ejercida (no se debe juzgar por separado si sucedi\u00f3&nbsp; la violaci\u00f3n), as\u00ed como el caso Mariana Lima Buend\u00eda, que fue parteaguas en nuestro pa\u00eds para resolver el caso del suicidio de Mariana donde no hubo protocolo de investigaci\u00f3n con perspectiva de g\u00e9nero.<\/p>\n\n\n\n<p>Con respecto al estado de Veracruz refiri\u00f3 que es de los estados con mayor violencia hacia las mujeres, pero que a diferencia del Estado de M\u00e9xico, la violencia aqu\u00ed es ejercida en las grandes ciudades y no en las comunidades como sucede en aquel estado.<\/p>\n\n\n\n<p>Concluy\u00f3 diciendo que cada estado debe comprometerse a eliminar la violencia contra las mujeres, tomando medidas, protocolos, como crear programas de apoyo de protecci\u00f3n a las v\u00edctimas, pero principalmente escucharlas a trav\u00e9s de las instituciones, pues estamos acostumbrados a invisibilzar la violencia que ellas sufren.<\/p>\n\n\n\n<p>Hay que implementar retos y desaf\u00edos, pero lo principal ser\u00eda implementar un cambio cultural para eliminar conductas y estereotipos de g\u00e9nero desde las escuelas.<\/p>\n\n\n\n<p>correo:<a href=\"mailto:caballero_brenda@hotmail.com\" target=\"_blank\" rel=\"noreferrer noopener\">caballero_brenda@hotmail.com<\/a><\/p>\n\n\n\n<p>Twitter: @NumerosRojos_BC<\/p>\n","protected":false},"excerpt":{"rendered":"<p>N\u00fameros Rojos Brenda Caballero \u00bfPor qu\u00e9 no hablamos de los hombres violentados, si tambi\u00e9n existen? fue una pregunta que le hicieron a Fernando C\u00f3rdova del Valle, Magistrado del Segundo Tribunal Colegiado de Apelaci\u00f3n del Segundo Circuito, Toluca, en alguna de sus charlas impartidas. \u00c9l contest\u00f3 que aunque hay hombres violentados, no se compara con la [&hellip;]<\/p>\n","protected":false},"author":2476,"featured_media":387,"comment_status":"open","ping_status":"open","sticky":false,"template":"","format":"standard","meta":{"_jetpack_memberships_contains_paid_content":false,"footnotes":""},"categories":[11],"tags":[],"class_list":["post-60565","post","type-post","status-publish","format-standard","has-post-thumbnail","hentry","category-opinion"],"jetpack_featured_media_url":"https:\/\/encuentroinformativo.com.mx\/wp-content\/uploads\/2020\/03\/7CF8A22B-2764-47BE-8F7F-38FE9E5D6A2F.jpeg","jetpack_sharing_enabled":true,"jetpack_likes_enabled":true,"amp_enabled":true,"_links":{"self":[{"href":"https:\/\/encuentroinformativo.com.mx\/index.php?rest_route=\/wp\/v2\/posts\/60565","targetHints":{"allow":["GET"]}}],"collection":[{"href":"https:\/\/encuentroinformativo.com.mx\/index.php?rest_route=\/wp\/v2\/posts"}],"about":[{"href":"https:\/\/encuentroinformativo.com.mx\/index.php?rest_route=\/wp\/v2\/types\/post"}],"author":[{"embeddable":true,"href":"https:\/\/encuentroinformativo.com.mx\/index.php?rest_route=\/wp\/v2\/users\/2476"}],"replies":[{"embeddable":true,"href":"https:\/\/encuentroinformativo.com.mx\/index.php?rest_route=%2Fwp%2Fv2%2Fcomments&post=60565"}],"version-history":[{"count":1,"href":"https:\/\/encuentroinformativo.com.mx\/index.php?rest_route=\/wp\/v2\/posts\/60565\/revisions"}],"predecessor-version":[{"id":60566,"href":"https:\/\/encuentroinformativo.com.mx\/index.php?rest_route=\/wp\/v2\/posts\/60565\/revisions\/60566"}],"wp:featuredmedia":[{"embeddable":true,"href":"https:\/\/encuentroinformativo.com.mx\/index.php?rest_route=\/wp\/v2\/media\/387"}],"wp:attachment":[{"href":"https:\/\/encuentroinformativo.com.mx\/index.php?rest_route=%2Fwp%2Fv2%2Fmedia&parent=60565"}],"wp:term":[{"taxonomy":"category","embeddable":true,"href":"https:\/\/encuentroinformativo.com.mx\/index.php?rest_route=%2Fwp%2Fv2%2Fcategories&post=60565"},{"taxonomy":"post_tag","embeddable":true,"href":"https:\/\/encuentroinformativo.com.mx\/index.php?rest_route=%2Fwp%2Fv2%2Ftags&post=60565"}],"curies":[{"name":"wp","href":"https:\/\/api.w.org\/{rel}","templated":true}]}}