{"id":60567,"date":"2024-11-11T10:19:13","date_gmt":"2024-11-11T16:19:13","guid":{"rendered":"https:\/\/encuentroinformativo.com.mx\/?p=60567"},"modified":"2024-11-11T10:19:18","modified_gmt":"2024-11-11T16:19:18","slug":"eleazar-guerrero-perez-informa-sobre-el-triunfo-del-pueblo-mexicano","status":"publish","type":"post","link":"https:\/\/encuentroinformativo.com.mx\/?p=60567","title":{"rendered":"Eleazar Guerrero P\u00e9rez informa sobre el Triunfo del Pueblo Mexicano"},"content":{"rendered":"\n<p><strong>* Celebra UNIDOS TODOS en Plaza Lerdo.<\/strong><\/p>\n\n\n\n<p>Xalapa, Ver.- En una multitudinaria reuni\u00f3n celebrada en la Plaza Lerdo, con un enorme contingente lleno de alegr\u00eda y entusiasmo, el diputado federal por el partido Morena, Eleazar Guerrero P\u00e9rez, fue abordado por periodistas quienes le preguntaron sobre la celebraci\u00f3n que realizaba <strong>UNIDOS TODOS<\/strong>.<\/p>\n\n\n\n<p>Guerrero P\u00e9rez destac\u00f3 que esta celebraci\u00f3n se lleva a cabo en todo el pa\u00eds y es el resultado de un esfuerzo colectivo para superar los obst\u00e1culos impuestos por el Poder Judicial. \u201cEste evento forma parte de un festejo que estamos realizando en todo el pa\u00eds, como ustedes saben. La Suprema Corte y el Poder Judicial ven\u00edan poniendo muchos obst\u00e1culos al avance de la Cuarta Transformaci\u00f3n\u201d, enfatiz\u00f3.<\/p>\n\n\n\n<p>El l\u00edder morenista hizo un recuento hist\u00f3rico sobre la necesidad de desarrollar el Plan C, asegurando que su creaci\u00f3n fue una respuesta directa a los obst\u00e1culos que sorte\u00f3 el poder legislativo para avanzar en la transformaci\u00f3n del pa\u00eds.<\/p>\n\n\n\n<p>\u201cPara que haya un Plan C, tiene que haber un Plan A y luego un Plan B. En el Plan A se presentaron algunas iniciativas al Congreso, como la de Bienestar, una reforma electoral, una reforma el\u00e9ctrica y una serie de otras reformas. Los grupos parlamentarios del PRI y del PAN nunca las dejaron pasar, ni siquiera permitieron que se discutieran\u201d, explic\u00f3 Guerrero P\u00e9rez.<\/p>\n\n\n\n<p>Esta situaci\u00f3n llev\u00f3 al movimiento a presentar el Plan B, una estrategia basada en reformar las leyes existentes con la mayor\u00eda simple que pose\u00edan en el Congreso. \u201cDe esta manera se llevaron a cabo la reforma el\u00e9ctrica, la reforma electoral, entre muchas otras\u201d, record\u00f3.<\/p>\n\n\n\n<p>Sin embargo, las reformas fueron nuevamente desafiadas. Guerrero P\u00e9rez destac\u00f3 que el Poder Judicial actu\u00f3 como un \u201cPoder Legislativo\u201d al bloquear las reformas aprobadas por el Congreso.<\/p>\n\n\n\n<p>\u201cUn solo ministro, desde su escritorio, dijo que esas reformas eran improcedentes\u201d subrayando lo que consider\u00f3 una injerencia indebida del Poder Judicial.<\/p>\n\n\n\n<p>Ante esta adversidad, el movimiento tuvo que preparar el Plan C, que consisti\u00f3 en volver a presentar las reformas necesarias, pero esta vez con el objetivo de alcanzar una mayor\u00eda calificada tanto en la C\u00e1mara de Senadores como en la de Diputados, as\u00ed como en los congresos estatales.<\/p>\n\n\n\n<p>\u201cEllos pensaron que so\u00f1\u00e1bamos, que no \u00edbamos a alcanzar la mayor\u00eda calificada. Afortunadamente, el pueblo de M\u00e9xico vio lo que estaba pasando y decidi\u00f3 darle su confianza al movimiento y al partido, dot\u00e1ndonos del poder constituyente\u201d, expres\u00f3 con orgullo.<\/p>\n\n\n\n<p>El evento no solo se celebr\u00f3 como un acto pol\u00edtico, sino como un homenaje a la voluntad popular, a la raz\u00f3n y al derecho que, como afirm\u00f3 Guerrero P\u00e9rez, finalmente prevalecieron. \u201cY por eso estamos festejando en todas las plazas p\u00fablicas del pa\u00eds; estamos celebrando el triunfo del pueblo; ya se impuso la voluntad popular\u201d, concluy\u00f3 el diputado.<\/p>\n\n\n\n<p>La celebraci\u00f3n en la Plaza Lerdo cont\u00f3 con la presencia de la diputada federal Ana Miriam Ferr\u00e1ez Centeno y la diputada local Dorheny Garc\u00eda Cayetano.<\/p>\n\n\n\n<figure class=\"wp-block-image size-large\"><img loading=\"lazy\" decoding=\"async\" width=\"1024\" height=\"478\" src=\"https:\/\/encuentroinformativo.com.mx\/wp-content\/uploads\/2024\/11\/1000421082-1024x478.jpg\" alt=\"\" class=\"wp-image-60569\" srcset=\"https:\/\/encuentroinformativo.com.mx\/wp-content\/uploads\/2024\/11\/1000421082-1024x478.jpg 1024w, https:\/\/encuentroinformativo.com.mx\/wp-content\/uploads\/2024\/11\/1000421082-300x140.jpg 300w, https:\/\/encuentroinformativo.com.mx\/wp-content\/uploads\/2024\/11\/1000421082-768x359.jpg 768w, https:\/\/encuentroinformativo.com.mx\/wp-content\/uploads\/2024\/11\/1000421082-1536x717.jpg 1536w, https:\/\/encuentroinformativo.com.mx\/wp-content\/uploads\/2024\/11\/1000421082-2048x956.jpg 2048w\" sizes=\"auto, (max-width: 1024px) 100vw, 1024px\" \/><\/figure>\n","protected":false},"excerpt":{"rendered":"<p>* Celebra UNIDOS TODOS en Plaza Lerdo. Xalapa, Ver.- En una multitudinaria reuni\u00f3n celebrada en la Plaza Lerdo, con un enorme contingente lleno de alegr\u00eda y entusiasmo, el diputado federal por el partido Morena, Eleazar Guerrero P\u00e9rez, fue abordado por periodistas quienes le preguntaron sobre la celebraci\u00f3n que realizaba UNIDOS TODOS. Guerrero P\u00e9rez destac\u00f3 que [&hellip;]<\/p>\n","protected":false},"author":2476,"featured_media":60568,"comment_status":"open","ping_status":"open","sticky":false,"template":"","format":"standard","meta":{"_jetpack_memberships_contains_paid_content":false,"footnotes":""},"categories":[2],"tags":[],"class_list":["post-60567","post","type-post","status-publish","format-standard","has-post-thumbnail","hentry","category-estado"],"jetpack_featured_media_url":"https:\/\/encuentroinformativo.com.mx\/wp-content\/uploads\/2024\/11\/IMG-20241111-WA0007-scaled.jpg","jetpack_sharing_enabled":true,"jetpack_likes_enabled":true,"amp_enabled":true,"_links":{"self":[{"href":"https:\/\/encuentroinformativo.com.mx\/index.php?rest_route=\/wp\/v2\/posts\/60567","targetHints":{"allow":["GET"]}}],"collection":[{"href":"https:\/\/encuentroinformativo.com.mx\/index.php?rest_route=\/wp\/v2\/posts"}],"about":[{"href":"https:\/\/encuentroinformativo.com.mx\/index.php?rest_route=\/wp\/v2\/types\/post"}],"author":[{"embeddable":true,"href":"https:\/\/encuentroinformativo.com.mx\/index.php?rest_route=\/wp\/v2\/users\/2476"}],"replies":[{"embeddable":true,"href":"https:\/\/encuentroinformativo.com.mx\/index.php?rest_route=%2Fwp%2Fv2%2Fcomments&post=60567"}],"version-history":[{"count":1,"href":"https:\/\/encuentroinformativo.com.mx\/index.php?rest_route=\/wp\/v2\/posts\/60567\/revisions"}],"predecessor-version":[{"id":60570,"href":"https:\/\/encuentroinformativo.com.mx\/index.php?rest_route=\/wp\/v2\/posts\/60567\/revisions\/60570"}],"wp:featuredmedia":[{"embeddable":true,"href":"https:\/\/encuentroinformativo.com.mx\/index.php?rest_route=\/wp\/v2\/media\/60568"}],"wp:attachment":[{"href":"https:\/\/encuentroinformativo.com.mx\/index.php?rest_route=%2Fwp%2Fv2%2Fmedia&parent=60567"}],"wp:term":[{"taxonomy":"category","embeddable":true,"href":"https:\/\/encuentroinformativo.com.mx\/index.php?rest_route=%2Fwp%2Fv2%2Fcategories&post=60567"},{"taxonomy":"post_tag","embeddable":true,"href":"https:\/\/encuentroinformativo.com.mx\/index.php?rest_route=%2Fwp%2Fv2%2Ftags&post=60567"}],"curies":[{"name":"wp","href":"https:\/\/api.w.org\/{rel}","templated":true}]}}