{"id":60574,"date":"2024-11-11T11:18:27","date_gmt":"2024-11-11T17:18:27","guid":{"rendered":"https:\/\/encuentroinformativo.com.mx\/?p=60574"},"modified":"2024-11-11T11:18:33","modified_gmt":"2024-11-11T17:18:33","slug":"fiscalia-inicia-carpeta-de-investigacion-por-muerte-de-empleado-del-poder-judicial","status":"publish","type":"post","link":"https:\/\/encuentroinformativo.com.mx\/?p=60574","title":{"rendered":"Fiscal\u00eda inicia carpeta de investigaci\u00f3n por muerte de empleado del Poder Judicial"},"content":{"rendered":"\n<p><strong>Dar\u00edo Pale <\/strong><\/p>\n\n\n\n<p>Xalapa, Ver.- La Fiscal\u00eda General del Estado (FGE), informa que, a trav\u00e9s de la Fiscal\u00eda Regional de la Zona Centro-Xalapa, se ha iniciado una carpeta de investigaci\u00f3n tras el hallazgo del cuerpo sin vida de la persona identificada como Carlos \u201cN\u201d, quien era trabajador del Poder Judicial de Veracruz.<\/p>\n\n\n\n<p>Los hechos se registraron el d\u00eda de ayer en la calle Jazm\u00edn, en la colonia Benito Ju\u00e1rez de esta ciudad, Fiscales, peritos y elementos de la Polic\u00eda Ministerial est\u00e1n llevando a cabo las diligencias correspondientes para esclarecer las circunstancias de este lamentable suceso.<\/p>\n\n\n\n<p>Cabe recordar que, este domingo, vecinos alertaron de un cuerpo en descomposici\u00f3n en el domicilio ubicado en la privada de Jazm\u00edn de la colonia Benito Ju\u00e1rez, de esta capital, identificado como Carlos \u201cN\u201d, trabajador del poder judicial.<\/p>\n\n\n\n<p>De acuerdo a informaci\u00f3n preliminar, fue el hermano de la v\u00edctima el que dio parte a las autoridades, por lo que al lugar de los hechos acudieron elementos de la Polic\u00eda Estatal y Municipal para tomar conocimiento del caso.<\/p>\n\n\n\n<p>Posteriormente se hizo el levantamiento del cuerpo para las investigaciones correspondientes.Al momento no hay detenidos y se desconocen las causas de la muerte.<\/p>\n","protected":false},"excerpt":{"rendered":"<p>Dar\u00edo Pale Xalapa, Ver.- La Fiscal\u00eda General del Estado (FGE), informa que, a trav\u00e9s de la Fiscal\u00eda Regional de la Zona Centro-Xalapa, se ha iniciado una carpeta de investigaci\u00f3n tras el hallazgo del cuerpo sin vida de la persona identificada como Carlos \u201cN\u201d, quien era trabajador del Poder Judicial de Veracruz. Los hechos se registraron [&hellip;]<\/p>\n","protected":false},"author":2476,"featured_media":60575,"comment_status":"open","ping_status":"open","sticky":false,"template":"","format":"standard","meta":{"_jetpack_memberships_contains_paid_content":false,"footnotes":""},"categories":[3],"tags":[],"class_list":["post-60574","post","type-post","status-publish","format-standard","has-post-thumbnail","hentry","category-xalapa"],"jetpack_featured_media_url":"https:\/\/encuentroinformativo.com.mx\/wp-content\/uploads\/2024\/11\/IMG-20241111-WA0027.jpg","jetpack_sharing_enabled":true,"jetpack_likes_enabled":true,"amp_enabled":true,"_links":{"self":[{"href":"https:\/\/encuentroinformativo.com.mx\/index.php?rest_route=\/wp\/v2\/posts\/60574","targetHints":{"allow":["GET"]}}],"collection":[{"href":"https:\/\/encuentroinformativo.com.mx\/index.php?rest_route=\/wp\/v2\/posts"}],"about":[{"href":"https:\/\/encuentroinformativo.com.mx\/index.php?rest_route=\/wp\/v2\/types\/post"}],"author":[{"embeddable":true,"href":"https:\/\/encuentroinformativo.com.mx\/index.php?rest_route=\/wp\/v2\/users\/2476"}],"replies":[{"embeddable":true,"href":"https:\/\/encuentroinformativo.com.mx\/index.php?rest_route=%2Fwp%2Fv2%2Fcomments&post=60574"}],"version-history":[{"count":1,"href":"https:\/\/encuentroinformativo.com.mx\/index.php?rest_route=\/wp\/v2\/posts\/60574\/revisions"}],"predecessor-version":[{"id":60576,"href":"https:\/\/encuentroinformativo.com.mx\/index.php?rest_route=\/wp\/v2\/posts\/60574\/revisions\/60576"}],"wp:featuredmedia":[{"embeddable":true,"href":"https:\/\/encuentroinformativo.com.mx\/index.php?rest_route=\/wp\/v2\/media\/60575"}],"wp:attachment":[{"href":"https:\/\/encuentroinformativo.com.mx\/index.php?rest_route=%2Fwp%2Fv2%2Fmedia&parent=60574"}],"wp:term":[{"taxonomy":"category","embeddable":true,"href":"https:\/\/encuentroinformativo.com.mx\/index.php?rest_route=%2Fwp%2Fv2%2Fcategories&post=60574"},{"taxonomy":"post_tag","embeddable":true,"href":"https:\/\/encuentroinformativo.com.mx\/index.php?rest_route=%2Fwp%2Fv2%2Ftags&post=60574"}],"curies":[{"name":"wp","href":"https:\/\/api.w.org\/{rel}","templated":true}]}}