{"id":60584,"date":"2024-11-11T13:55:19","date_gmt":"2024-11-11T19:55:19","guid":{"rendered":"https:\/\/encuentroinformativo.com.mx\/?p=60584"},"modified":"2024-11-11T13:55:25","modified_gmt":"2024-11-11T19:55:25","slug":"cambio-de-gobierno-federal-posible-factor-de-baja-turistica-cometur","status":"publish","type":"post","link":"https:\/\/encuentroinformativo.com.mx\/?p=60584","title":{"rendered":"Cambio de Gobierno Federal posible factor de baja tur\u00edstica: COMETUR"},"content":{"rendered":"\n<p><strong>Alejandro \u00c1vila<\/strong><\/p>\n\n\n\n<p>Veracruz, Ver.- El cambio de Gobierno Federal y la contracci\u00f3n econ\u00f3mica que esto represent\u00f3 fue un posible factor de la baja de afluencia tur\u00edstica en varios destinos de M\u00e9xico, mencion\u00f3 el presidente del Consejo Metropolitano de Turismo (COMETUR), Sergio Lois Heredia.<\/p>\n\n\n\n<p>El empresario hotelero dijo que los meses posteriores a las vacaciones de verano, es decir, septiembre y octubre, son los m\u00e1s complicados para el sector; al tiempo que reconoci\u00f3, en este 2024 los n\u00fameros fueron m\u00e1s bajos que en otras ocasiones.<\/p>\n\n\n\n<p>&#8220;En t\u00e9rminos generales muy similar, pero el segundo semestre s\u00ed mucho m\u00e1s bajo, sobre todo octubre, octubre es muy complicado (\u2026) la obra -remodelaci\u00f3n Centro Hist\u00f3rico- podr\u00eda ser para los que est\u00e1n en el coraz\u00f3n, genera ciertas molestias, genera cierta baja en ventas, eso s\u00ed. Pero en general como destino podr\u00edamos decir o podr\u00edamos llegar a atribu\u00edrselo a cierta contracci\u00f3n econ\u00f3mica, se est\u00e1 sintiendo en ciertos establecimientos de hospedaje en general, tanto en hoteles y como en moteles, creemos que el cambio de gobierno y muchos factores son los que est\u00e1n influyendo en que las personas no est\u00e9n saliendo tanto de vacaciones, no est\u00e9n gastando como el a\u00f1o pasado, pero esperemos que para finales de a\u00f1o esto repunte, que empiece a cambiar ya el tema econ\u00f3mico y podamos ver ya un crecimiento en lo que es el final de a\u00f1o y esperemos que el principio de a\u00f1o, del pr\u00f3ximo, del 2025, que no est\u00e9 tan complicado como estos meses&#8221;, expres\u00f3.<\/p>\n\n\n\n<p>Sergio Lois aclar\u00f3 que ser\u00e1 injusto comparar la temporada decembrina del 2023 con la del 2024, ya que debido a lo sucedido en Acapulco por la desastre que dej\u00f3 el hurac\u00e1n Otis, muchos turistas decidieron cambiar su destino y visitar Veracruz, por lo cual las ventas aumentaron.<\/p>\n\n\n\n<p>&#8220;Yo creo que la comparaci\u00f3n deber\u00eda ser m\u00e1s hacia diciembre del 2022, el 2023 fue at\u00edpico, y esperemos que tengamos una buena temporada alta, una temporada navide\u00f1a. Recordemos que la temporada alta empieza ya despu\u00e9s del d\u00eda 20, ya despu\u00e9s de que pagaron aguinaldos y empiezan las vacaciones de los ni\u00f1os, sobre todo, ah\u00ed es cuando empieza la temporada navide\u00f1a y se extiende generalmente hasta el 5 o 6 de enero&#8221;, remat\u00f3.<\/p>\n","protected":false},"excerpt":{"rendered":"<p>Alejandro \u00c1vila Veracruz, Ver.- El cambio de Gobierno Federal y la contracci\u00f3n econ\u00f3mica que esto represent\u00f3 fue un posible factor de la baja de afluencia tur\u00edstica en varios destinos de M\u00e9xico, mencion\u00f3 el presidente del Consejo Metropolitano de Turismo (COMETUR), Sergio Lois Heredia. El empresario hotelero dijo que los meses posteriores a las vacaciones de [&hellip;]<\/p>\n","protected":false},"author":2476,"featured_media":60585,"comment_status":"open","ping_status":"open","sticky":false,"template":"","format":"standard","meta":{"_jetpack_memberships_contains_paid_content":false,"footnotes":""},"categories":[2],"tags":[],"class_list":["post-60584","post","type-post","status-publish","format-standard","has-post-thumbnail","hentry","category-estado"],"jetpack_featured_media_url":"https:\/\/encuentroinformativo.com.mx\/wp-content\/uploads\/2024\/11\/IMG-20241111-WA00372.jpg","jetpack_sharing_enabled":true,"jetpack_likes_enabled":true,"amp_enabled":true,"_links":{"self":[{"href":"https:\/\/encuentroinformativo.com.mx\/index.php?rest_route=\/wp\/v2\/posts\/60584","targetHints":{"allow":["GET"]}}],"collection":[{"href":"https:\/\/encuentroinformativo.com.mx\/index.php?rest_route=\/wp\/v2\/posts"}],"about":[{"href":"https:\/\/encuentroinformativo.com.mx\/index.php?rest_route=\/wp\/v2\/types\/post"}],"author":[{"embeddable":true,"href":"https:\/\/encuentroinformativo.com.mx\/index.php?rest_route=\/wp\/v2\/users\/2476"}],"replies":[{"embeddable":true,"href":"https:\/\/encuentroinformativo.com.mx\/index.php?rest_route=%2Fwp%2Fv2%2Fcomments&post=60584"}],"version-history":[{"count":1,"href":"https:\/\/encuentroinformativo.com.mx\/index.php?rest_route=\/wp\/v2\/posts\/60584\/revisions"}],"predecessor-version":[{"id":60586,"href":"https:\/\/encuentroinformativo.com.mx\/index.php?rest_route=\/wp\/v2\/posts\/60584\/revisions\/60586"}],"wp:featuredmedia":[{"embeddable":true,"href":"https:\/\/encuentroinformativo.com.mx\/index.php?rest_route=\/wp\/v2\/media\/60585"}],"wp:attachment":[{"href":"https:\/\/encuentroinformativo.com.mx\/index.php?rest_route=%2Fwp%2Fv2%2Fmedia&parent=60584"}],"wp:term":[{"taxonomy":"category","embeddable":true,"href":"https:\/\/encuentroinformativo.com.mx\/index.php?rest_route=%2Fwp%2Fv2%2Fcategories&post=60584"},{"taxonomy":"post_tag","embeddable":true,"href":"https:\/\/encuentroinformativo.com.mx\/index.php?rest_route=%2Fwp%2Fv2%2Ftags&post=60584"}],"curies":[{"name":"wp","href":"https:\/\/api.w.org\/{rel}","templated":true}]}}