{"id":60594,"date":"2024-11-11T14:39:33","date_gmt":"2024-11-11T20:39:33","guid":{"rendered":"https:\/\/encuentroinformativo.com.mx\/?p=60594"},"modified":"2024-11-11T14:39:39","modified_gmt":"2024-11-11T20:39:39","slug":"vecinos-de-la-orduna-se-quejan-por-falta-de-agua","status":"publish","type":"post","link":"https:\/\/encuentroinformativo.com.mx\/?p=60594","title":{"rendered":"Vecinos de La Ordu\u00f1a se quejan por falta de agua"},"content":{"rendered":"\n<p><strong>Dar\u00edo Pale<\/strong><\/p>\n\n\n\n<p>Xalapa, Ver.- Vecinos de la Ordu\u00f1a pertenecientes al municipio de Coatepec y quienes pidieron anonimato por razones obvias, comentaron que desde hace 4 d\u00edas no tienen el servicio de agua en sus domicilios, y hasta este momento, no tienen respuesta alguna de la Comisi\u00f3n Municipal del Agua y Saneamiento (CMAS).<\/p>\n\n\n\n<p>Uno de los afectados coment\u00f3, \u201cya llamamos a CMAS. Pero nada. Y las personas est\u00e1n organiz\u00e1ndose para ir hacer un plant\u00f3n\u201d.<\/p>\n\n\n\n<p>De igual manera, explican qu\u00e9 les parece rara esta situaci\u00f3n, ya que en La Ordu\u00f1a hay nacimientos de agua \u201clos cuales abastecen a otras colonias\u201d.<\/p>\n\n\n\n<p>Cabe se\u00f1alar que el pasado 4 de noviembre, en conferencia de prensa, el diputado federal por Coatepec, Adri\u00e1n Gonz\u00e1lez Naveda, inform\u00f3 que solicitar\u00e1 a las autoridades municipales para que se haga una auditor\u00eda a CMAS de Coatepec, ya que no se ve inversi\u00f3n en el municipio, adem\u00e1s que se requiere saber los gastos y qu\u00e9 empresas han sido beneficiadas con obras.<\/p>\n\n\n\n<p>\u201cSaber, conocer los ingresos y los gastos en inversi\u00f3n que tiene CMAS porque repito, la inversi\u00f3n es nula, es raqu\u00edtica. No existe inversi\u00f3n de CMAS para garantizar el derecho humano al agua de los coatepecanos, adem\u00e1s de que se le cobra a todos los usuarios por concepto de saneamiento y la gente que tiene agua no tiene saneamiento; ahorita podr\u00e1n decir los compa\u00f1eros c\u00f3mo llega a las comunidades, pero bien que se cobra ese concepto y nunca llega el agua como especifica el marco regulatorio nacional e internacional que es el apto para consumo humano. Es grave\u201d, se\u00f1al\u00f3.<\/p>\n\n\n\n<p>\u201cVamos a hacerle llegar este posicionamiento al alcalde por escrito; una solicitud de informaci\u00f3n; \u00e9l es responsable de lo que sucede en CMAS, es un \u00f3rgano desconcentrado municipal; en teor\u00eda, seg\u00fan la Ley Org\u00e1nica del Municipio Libre\u201d, agreg\u00f3.<\/p>\n\n\n\n<p>Finalmente dio a conocer que, \u201cquien puede hacer las auditor\u00edas a fondo es el Cabildo, asi que nosotros pediremos tambi\u00e9n al Cabildo que se nos informe sobre estos ingresos y gastos que hacen; cu\u00e1nto gastan, por ejemplo, en n\u00f3minas; las empresas que han hecho obra, que nos digan qu\u00e9 empresas son para conocerlas, qu\u00e9 tipo de obras han hecho\u201d.<\/p>\n","protected":false},"excerpt":{"rendered":"<p>Dar\u00edo Pale Xalapa, Ver.- Vecinos de la Ordu\u00f1a pertenecientes al municipio de Coatepec y quienes pidieron anonimato por razones obvias, comentaron que desde hace 4 d\u00edas no tienen el servicio de agua en sus domicilios, y hasta este momento, no tienen respuesta alguna de la Comisi\u00f3n Municipal del Agua y Saneamiento (CMAS). Uno de los [&hellip;]<\/p>\n","protected":false},"author":2476,"featured_media":60595,"comment_status":"open","ping_status":"open","sticky":false,"template":"","format":"standard","meta":{"_jetpack_memberships_contains_paid_content":false,"footnotes":""},"categories":[8],"tags":[],"class_list":["post-60594","post","type-post","status-publish","format-standard","has-post-thumbnail","hentry","category-region"],"jetpack_featured_media_url":"https:\/\/encuentroinformativo.com.mx\/wp-content\/uploads\/2024\/11\/IMG-20241111-WA0095.jpg","jetpack_sharing_enabled":true,"jetpack_likes_enabled":true,"amp_enabled":true,"_links":{"self":[{"href":"https:\/\/encuentroinformativo.com.mx\/index.php?rest_route=\/wp\/v2\/posts\/60594","targetHints":{"allow":["GET"]}}],"collection":[{"href":"https:\/\/encuentroinformativo.com.mx\/index.php?rest_route=\/wp\/v2\/posts"}],"about":[{"href":"https:\/\/encuentroinformativo.com.mx\/index.php?rest_route=\/wp\/v2\/types\/post"}],"author":[{"embeddable":true,"href":"https:\/\/encuentroinformativo.com.mx\/index.php?rest_route=\/wp\/v2\/users\/2476"}],"replies":[{"embeddable":true,"href":"https:\/\/encuentroinformativo.com.mx\/index.php?rest_route=%2Fwp%2Fv2%2Fcomments&post=60594"}],"version-history":[{"count":1,"href":"https:\/\/encuentroinformativo.com.mx\/index.php?rest_route=\/wp\/v2\/posts\/60594\/revisions"}],"predecessor-version":[{"id":60596,"href":"https:\/\/encuentroinformativo.com.mx\/index.php?rest_route=\/wp\/v2\/posts\/60594\/revisions\/60596"}],"wp:featuredmedia":[{"embeddable":true,"href":"https:\/\/encuentroinformativo.com.mx\/index.php?rest_route=\/wp\/v2\/media\/60595"}],"wp:attachment":[{"href":"https:\/\/encuentroinformativo.com.mx\/index.php?rest_route=%2Fwp%2Fv2%2Fmedia&parent=60594"}],"wp:term":[{"taxonomy":"category","embeddable":true,"href":"https:\/\/encuentroinformativo.com.mx\/index.php?rest_route=%2Fwp%2Fv2%2Fcategories&post=60594"},{"taxonomy":"post_tag","embeddable":true,"href":"https:\/\/encuentroinformativo.com.mx\/index.php?rest_route=%2Fwp%2Fv2%2Ftags&post=60594"}],"curies":[{"name":"wp","href":"https:\/\/api.w.org\/{rel}","templated":true}]}}