{"id":60608,"date":"2024-11-11T19:41:45","date_gmt":"2024-11-12T01:41:45","guid":{"rendered":"https:\/\/encuentroinformativo.com.mx\/?p=60608"},"modified":"2024-11-11T19:41:51","modified_gmt":"2024-11-12T01:41:51","slug":"fallecio-segundo-menor-victima-de-atentado-de-espinal","status":"publish","type":"post","link":"https:\/\/encuentroinformativo.com.mx\/?p=60608","title":{"rendered":"Falleci\u00f3 segundo menor v\u00edctima de atentado de Espinal"},"content":{"rendered":"\n<p><strong>Dar\u00edo Pale <\/strong><\/p>\n\n\n\n<p>Xalapa, Ver.- Lamentablemente falleci\u00f3 el segundo menor quien era monaguillo y sufri\u00f3 el atentado el d\u00eda de ayer en Entabladero, municipio de Espinal.<\/p>\n\n\n\n<p>Los familiares y amigos de los dos menores que sufrieron el atentado a mano armada ocurrido en la comunidad de Entabladero, municipio de Espinal.<\/p>\n\n\n\n<p>Donde, aproximadamente a las 06:00 horas de este lunes dej\u00f3 de existir el segundo menor que hab\u00eda resultado lesionado esto a pesar de los esfuerzos de los doctores del hospital de Poza Rica.<\/p>\n\n\n\n<p>JOS\u00c9 C.G quien era monaguillo junto con su hermano Alex fueron agredidos a balazos por sujetos desconocidos y armados, quienes a bordo de dos motocicletas frente a la iglesia de esa poblaci\u00f3n.<\/p>\n\n\n\n<p>Los violentos acontecimientos, se suscitaron el pasado 09 de Noviembre del presente a\u00f1o, aproximadamente a las 22:00 horas.<\/p>\n\n\n\n<p>En el lugar de la agresi\u00f3n, perdi\u00f3 la vida en forma instant\u00e1nea Alex N, mientras su hermano Jos\u00e9 N\u00a0 fue trasladado grave al hospital de la ciudad de Poza Rica.<\/p>\n\n\n\n<p>Alex y Jos\u00e9, este \u00faltimo menor de edad, ayudaban a arreglar el frente de la capilla de Entabladero, cuando de pronto dos motociclistas abrieron fuego sobre ellos para ultimarlos.<\/p>\n\n\n\n<p>El primer cuerpo fue ingresado en su momento al SEMEFO de Papantla y el segundo a Poza Rica donde sus familiares, han estado realizando los tr\u00e1mites para su entrega mientras las autoridades correspondientes, contin\u00faan con las investigaciones para esclarecer este sangriento crimen.<\/p>\n","protected":false},"excerpt":{"rendered":"<p>Dar\u00edo Pale Xalapa, Ver.- Lamentablemente falleci\u00f3 el segundo menor quien era monaguillo y sufri\u00f3 el atentado el d\u00eda de ayer en Entabladero, municipio de Espinal. Los familiares y amigos de los dos menores que sufrieron el atentado a mano armada ocurrido en la comunidad de Entabladero, municipio de Espinal. Donde, aproximadamente a las 06:00 horas [&hellip;]<\/p>\n","protected":false},"author":2476,"featured_media":60609,"comment_status":"open","ping_status":"open","sticky":false,"template":"","format":"standard","meta":{"_jetpack_memberships_contains_paid_content":false,"footnotes":""},"categories":[14],"tags":[],"class_list":["post-60608","post","type-post","status-publish","format-standard","has-post-thumbnail","hentry","category-policiaca"],"jetpack_featured_media_url":"https:\/\/encuentroinformativo.com.mx\/wp-content\/uploads\/2024\/11\/IMG-20241111-WA0112.jpg","jetpack_sharing_enabled":true,"jetpack_likes_enabled":true,"amp_enabled":true,"_links":{"self":[{"href":"https:\/\/encuentroinformativo.com.mx\/index.php?rest_route=\/wp\/v2\/posts\/60608","targetHints":{"allow":["GET"]}}],"collection":[{"href":"https:\/\/encuentroinformativo.com.mx\/index.php?rest_route=\/wp\/v2\/posts"}],"about":[{"href":"https:\/\/encuentroinformativo.com.mx\/index.php?rest_route=\/wp\/v2\/types\/post"}],"author":[{"embeddable":true,"href":"https:\/\/encuentroinformativo.com.mx\/index.php?rest_route=\/wp\/v2\/users\/2476"}],"replies":[{"embeddable":true,"href":"https:\/\/encuentroinformativo.com.mx\/index.php?rest_route=%2Fwp%2Fv2%2Fcomments&post=60608"}],"version-history":[{"count":1,"href":"https:\/\/encuentroinformativo.com.mx\/index.php?rest_route=\/wp\/v2\/posts\/60608\/revisions"}],"predecessor-version":[{"id":60610,"href":"https:\/\/encuentroinformativo.com.mx\/index.php?rest_route=\/wp\/v2\/posts\/60608\/revisions\/60610"}],"wp:featuredmedia":[{"embeddable":true,"href":"https:\/\/encuentroinformativo.com.mx\/index.php?rest_route=\/wp\/v2\/media\/60609"}],"wp:attachment":[{"href":"https:\/\/encuentroinformativo.com.mx\/index.php?rest_route=%2Fwp%2Fv2%2Fmedia&parent=60608"}],"wp:term":[{"taxonomy":"category","embeddable":true,"href":"https:\/\/encuentroinformativo.com.mx\/index.php?rest_route=%2Fwp%2Fv2%2Fcategories&post=60608"},{"taxonomy":"post_tag","embeddable":true,"href":"https:\/\/encuentroinformativo.com.mx\/index.php?rest_route=%2Fwp%2Fv2%2Ftags&post=60608"}],"curies":[{"name":"wp","href":"https:\/\/api.w.org\/{rel}","templated":true}]}}