{"id":60625,"date":"2024-11-12T12:32:46","date_gmt":"2024-11-12T18:32:46","guid":{"rendered":"https:\/\/encuentroinformativo.com.mx\/?p=60625"},"modified":"2024-11-12T12:32:52","modified_gmt":"2024-11-12T18:32:52","slug":"autoridades-deben-garantizar-seguridad-arquidiocesis-de-xalapa","status":"publish","type":"post","link":"https:\/\/encuentroinformativo.com.mx\/?p=60625","title":{"rendered":"Autoridades deben garantizar seguridad: Arquidi\u00f3cesis de Xalapa"},"content":{"rendered":"\n<p><strong>Dar\u00edo Pale <\/strong><\/p>\n\n\n\n<p>Xalapa, Ver.- El Padre Juan Beristain de los Santos, vocero de esta Arquidi\u00f3cesis de Xalapa se\u00f1al\u00f3 que, tras la muerte de dos menores ac\u00f3litos, v\u00edctimas de un ataque armado en la localidad Entabladero, en el municipio del Espinal, la Arquidi\u00f3cesis de Xalapa llam\u00f3 a las autoridades de los tres niveles de gobierno a garantizar la seguridad en el estado de Veracruz.\u00a0<\/p>\n\n\n\n<p>En entrevista dijo que si bien, ser\u00e1 el Obispo de Tuxpan quien haga un pronunciamiento formal tras estos hechos, d\u00f3nde los dos menores perdieron la vida tras ser v\u00edctimas de un atentado frente a la iglesia donde daban su servicio de ac\u00f3litos, el llamado a la iglesia es contundente.<\/p>\n\n\n\n<p>&#8220;En Xalapa tambi\u00e9n hacemos el pronunciamiento a las autoridades federales, estatales y municipales para que atiendan lo urgente que es la violencia&#8230; el estado de Veracruz tiene 8 Di\u00f3cesis, son aut\u00f3nomas e independientes. El obispo de Tuxpan, el obispo Roberto ya se pronunciar\u00e1 en esa zona que es su jurisdicci\u00f3n, har\u00e1 los pronunciamientos y llamamientos indicados en la Di\u00f3cesis de Tuxpan\u201d, se\u00f1al\u00f3.\u00a0<\/p>\n\n\n\n<p>Este martes muri\u00f3 el segundo menor a pesar de los esfuerzos de los m\u00e9dicos del hospital de Poza Rica donde fue atendido.\u00a0<\/p>\n\n\n\n<p>Jos\u00e9 C.G quien era monaguillo junto con su hermano Alex, fueron agredidos a balazos por sujetos desconocidos y armados, quienes a bordo de dos motocicletas frente a la iglesia de esa poblaci\u00f3n les dispararon. En el lugar de la agresi\u00f3n, perdi\u00f3 la vida en forma instant\u00e1nea Alex N, mientras su hermano Jos\u00e9\u00a0 fue trasladado grave al hospital de la ciudad de Poza Rica.<\/p>\n\n\n\n<p>El primer cuerpo fue ingresado en su momento al SEMEFO de Papantla y el segundo a Poza Rica donde sus familiares realizaron los tr\u00e1mites para recibir el cuerpo.\u00a0<\/p>\n\n\n\n<p>Beristain de los Santos dijo que &#8220;es un foco rojo para la feligres\u00eda, pero nosotros no deber\u00edamos de acostumbrarnos a esta situaci\u00f3n&#8221;\u00a0<\/p>\n\n\n\n<p>Agreg\u00f3 que los cat\u00f3licos no deben ser v\u00edctimas del miedo y deben continuar con su fe participando de las actividades de la iglesia.&#8221;No debemos escondernos ni inhibirnos&#8221; expres\u00f3 al respecto.\u00a0<\/p>\n\n\n\n<p>Precis\u00f3 tambi\u00e9n que todos los obispos est\u00e1n reunidos en la Ciudad de M\u00e9xico, por lo que en los pr\u00f3ximos d\u00edas habr\u00eda un posicionamiento a nivel nacional por los recientes hechos violentos ocurridos en varias ciudades del pa\u00eds.<\/p>\n\n\n\n<p>&#8220;La iglesia ha estado se\u00f1alando y recalcando los momentos de violencia que hay en nuestra patria. No s\u00f3lo murieron dos ni\u00f1os ac\u00f3litos en frente de una iglesia, tambi\u00e9n est\u00e1 la ola de violencia, lo que pas\u00f3 en un bar de Quer\u00e9taro, un acontecimiento lamentable donde murieron varias personas, lo que est\u00e1 ocurriendo en Chiapas, en Sinaloa&#8221;, coment\u00f3.<\/p>\n\n\n\n<p>Por \u00faltimo puntualiz\u00f3 que la iglesia llama a todos los fieles a la oraci\u00f3n, a la confianza, al perd\u00f3n y a la conciliaci\u00f3n.\u00a0<\/p>\n","protected":false},"excerpt":{"rendered":"<p>Dar\u00edo Pale Xalapa, Ver.- El Padre Juan Beristain de los Santos, vocero de esta Arquidi\u00f3cesis de Xalapa se\u00f1al\u00f3 que, tras la muerte de dos menores ac\u00f3litos, v\u00edctimas de un ataque armado en la localidad Entabladero, en el municipio del Espinal, la Arquidi\u00f3cesis de Xalapa llam\u00f3 a las autoridades de los tres niveles de gobierno a [&hellip;]<\/p>\n","protected":false},"author":2476,"featured_media":60626,"comment_status":"open","ping_status":"open","sticky":false,"template":"","format":"standard","meta":{"_jetpack_memberships_contains_paid_content":false,"footnotes":""},"categories":[2],"tags":[],"class_list":["post-60625","post","type-post","status-publish","format-standard","has-post-thumbnail","hentry","category-estado"],"jetpack_featured_media_url":"https:\/\/encuentroinformativo.com.mx\/wp-content\/uploads\/2024\/11\/IMG-20241112-WA00462.jpg","jetpack_sharing_enabled":true,"jetpack_likes_enabled":true,"amp_enabled":true,"_links":{"self":[{"href":"https:\/\/encuentroinformativo.com.mx\/index.php?rest_route=\/wp\/v2\/posts\/60625","targetHints":{"allow":["GET"]}}],"collection":[{"href":"https:\/\/encuentroinformativo.com.mx\/index.php?rest_route=\/wp\/v2\/posts"}],"about":[{"href":"https:\/\/encuentroinformativo.com.mx\/index.php?rest_route=\/wp\/v2\/types\/post"}],"author":[{"embeddable":true,"href":"https:\/\/encuentroinformativo.com.mx\/index.php?rest_route=\/wp\/v2\/users\/2476"}],"replies":[{"embeddable":true,"href":"https:\/\/encuentroinformativo.com.mx\/index.php?rest_route=%2Fwp%2Fv2%2Fcomments&post=60625"}],"version-history":[{"count":1,"href":"https:\/\/encuentroinformativo.com.mx\/index.php?rest_route=\/wp\/v2\/posts\/60625\/revisions"}],"predecessor-version":[{"id":60627,"href":"https:\/\/encuentroinformativo.com.mx\/index.php?rest_route=\/wp\/v2\/posts\/60625\/revisions\/60627"}],"wp:featuredmedia":[{"embeddable":true,"href":"https:\/\/encuentroinformativo.com.mx\/index.php?rest_route=\/wp\/v2\/media\/60626"}],"wp:attachment":[{"href":"https:\/\/encuentroinformativo.com.mx\/index.php?rest_route=%2Fwp%2Fv2%2Fmedia&parent=60625"}],"wp:term":[{"taxonomy":"category","embeddable":true,"href":"https:\/\/encuentroinformativo.com.mx\/index.php?rest_route=%2Fwp%2Fv2%2Fcategories&post=60625"},{"taxonomy":"post_tag","embeddable":true,"href":"https:\/\/encuentroinformativo.com.mx\/index.php?rest_route=%2Fwp%2Fv2%2Ftags&post=60625"}],"curies":[{"name":"wp","href":"https:\/\/api.w.org\/{rel}","templated":true}]}}