{"id":60631,"date":"2024-11-12T12:59:19","date_gmt":"2024-11-12T18:59:19","guid":{"rendered":"https:\/\/encuentroinformativo.com.mx\/?p=60631"},"modified":"2024-11-12T12:59:25","modified_gmt":"2024-11-12T18:59:25","slug":"por-socavon-abriran-paso-provisional-en-carretera-180","status":"publish","type":"post","link":"https:\/\/encuentroinformativo.com.mx\/?p=60631","title":{"rendered":"Por socav\u00f3n, abrir\u00e1n paso provisional en carretera 180"},"content":{"rendered":"\n<p><strong>Dar\u00edo Pale <\/strong><\/p>\n\n\n\n<p>Xalapa, Ver.- Tras socav\u00f3n en la carretera 180, se abrir\u00e1 un paso provisional al medio d\u00eda, as\u00ed lo dio a conocer el delegado de la Secretar\u00eda de Infraestructura, Comunicaciones y Transportes (SICT) en Veracruz, Luis Antonio Posada Flores.<\/p>\n\n\n\n<p>En conferencia de prensa, junto con el gobernador Cuitl\u00e1huac Garc\u00eda Jim\u00e9nez, explic\u00f3 que este lunes por la tarde les reportaron un hundimiento, por lo que decidieron cerraron la circulaci\u00f3n.<\/p>\n\n\n\n<p>&#8220;Nosotros esperamos que hoy para el medio d\u00eda tengamos un paso provisional con una plataforma met\u00e1lica que estamos transportando a la zona de la afectaci\u00f3n&#8221;, se\u00f1al\u00f3.<\/p>\n\n\n\n<p>Manifest\u00f3 que el Ayuntamiento los ayudar\u00e1 a instalar la estructura met\u00e1lica, pero insisti\u00f3 en que abrir\u00e1n un paso provisional.<\/p>\n\n\n\n<p>&#8220;Pero estoy seguro que hacia el medio d\u00eda podemos estar restableciendo un paso provisional y una vez definido los trabajos a realizar para la sustituci\u00f3n completa de la alcantarilla, habr\u00e1 que hacerlo de esa manera, teniendo los insumos y la alcantarilla, en 4 d\u00edas se pueda construir completamente&#8221;, coment\u00f3.<\/p>\n\n\n\n<p>El funcionario federal manifest\u00f3 que hay coordinaci\u00f3n con las autoridades de los distintos niveles.<\/p>\n\n\n\n<p>Finalmente, asever\u00f3 que el tramo carretero afectado forma parte de la ruta del PERE, por lo que mantienen comunicaci\u00f3n con la Comisi\u00f3n Federal de Electricidad.<\/p>\n","protected":false},"excerpt":{"rendered":"<p>Dar\u00edo Pale Xalapa, Ver.- Tras socav\u00f3n en la carretera 180, se abrir\u00e1 un paso provisional al medio d\u00eda, as\u00ed lo dio a conocer el delegado de la Secretar\u00eda de Infraestructura, Comunicaciones y Transportes (SICT) en Veracruz, Luis Antonio Posada Flores. En conferencia de prensa, junto con el gobernador Cuitl\u00e1huac Garc\u00eda Jim\u00e9nez, explic\u00f3 que este lunes [&hellip;]<\/p>\n","protected":false},"author":2476,"featured_media":38952,"comment_status":"open","ping_status":"open","sticky":false,"template":"","format":"standard","meta":{"_jetpack_memberships_contains_paid_content":false,"footnotes":""},"categories":[2],"tags":[],"class_list":["post-60631","post","type-post","status-publish","format-standard","has-post-thumbnail","hentry","category-estado"],"jetpack_featured_media_url":"https:\/\/encuentroinformativo.com.mx\/wp-content\/uploads\/2023\/04\/IMG-20230407-WA0007.jpg","jetpack_sharing_enabled":true,"jetpack_likes_enabled":true,"amp_enabled":true,"_links":{"self":[{"href":"https:\/\/encuentroinformativo.com.mx\/index.php?rest_route=\/wp\/v2\/posts\/60631","targetHints":{"allow":["GET"]}}],"collection":[{"href":"https:\/\/encuentroinformativo.com.mx\/index.php?rest_route=\/wp\/v2\/posts"}],"about":[{"href":"https:\/\/encuentroinformativo.com.mx\/index.php?rest_route=\/wp\/v2\/types\/post"}],"author":[{"embeddable":true,"href":"https:\/\/encuentroinformativo.com.mx\/index.php?rest_route=\/wp\/v2\/users\/2476"}],"replies":[{"embeddable":true,"href":"https:\/\/encuentroinformativo.com.mx\/index.php?rest_route=%2Fwp%2Fv2%2Fcomments&post=60631"}],"version-history":[{"count":1,"href":"https:\/\/encuentroinformativo.com.mx\/index.php?rest_route=\/wp\/v2\/posts\/60631\/revisions"}],"predecessor-version":[{"id":60632,"href":"https:\/\/encuentroinformativo.com.mx\/index.php?rest_route=\/wp\/v2\/posts\/60631\/revisions\/60632"}],"wp:featuredmedia":[{"embeddable":true,"href":"https:\/\/encuentroinformativo.com.mx\/index.php?rest_route=\/wp\/v2\/media\/38952"}],"wp:attachment":[{"href":"https:\/\/encuentroinformativo.com.mx\/index.php?rest_route=%2Fwp%2Fv2%2Fmedia&parent=60631"}],"wp:term":[{"taxonomy":"category","embeddable":true,"href":"https:\/\/encuentroinformativo.com.mx\/index.php?rest_route=%2Fwp%2Fv2%2Fcategories&post=60631"},{"taxonomy":"post_tag","embeddable":true,"href":"https:\/\/encuentroinformativo.com.mx\/index.php?rest_route=%2Fwp%2Fv2%2Ftags&post=60631"}],"curies":[{"name":"wp","href":"https:\/\/api.w.org\/{rel}","templated":true}]}}