{"id":60642,"date":"2024-11-12T20:05:34","date_gmt":"2024-11-13T02:05:34","guid":{"rendered":"https:\/\/encuentroinformativo.com.mx\/?p=60642"},"modified":"2024-11-12T20:05:41","modified_gmt":"2024-11-13T02:05:41","slug":"en-cardel-muere-motociclista-tras-ser-arrollado-por-trailer","status":"publish","type":"post","link":"https:\/\/encuentroinformativo.com.mx\/?p=60642","title":{"rendered":"En Cardel, muere motociclista tras ser arrollado por tr\u00e1iler"},"content":{"rendered":"\n<p><strong>Alejandro \u00c1vila<\/strong><\/p>\n\n\n\n<p><strong>Foto:<\/strong> Sergio Aldazaba\/Cortes\u00eda <\/p>\n\n\n\n<p>La Antigua, Ver.- Un motociclista perdi\u00f3 la vida tras ser arrollado por el conductor de un tractocami\u00f3n que perdi\u00f3 el control de la unidad, se salt\u00f3 el muro de contenci\u00f3n entrando al carril contrario e impact\u00f3 sobre el joven.<\/p>\n\n\n\n<p>Los hechos ocurrieron la tarde de este martes en el libramiento de la localidad de Cardel perteneciente al municipio de La Antigua a la altura del kil\u00f3metro 3+500.<\/p>\n\n\n\n<p>Los primeros reportes indican que el conductor del tracto cami\u00f3n perdi\u00f3 el control de la unidad al salir de la curva por lo que brinc\u00f3 el muro de contenci\u00f3n y se fue al carril contrario impactando a la motocicleta.<\/p>\n\n\n\n<p>Este \u00faltimo viajaba en una moto Honda 125cc color vino, al cual la unidad de carga le pas\u00f3 por encima arrebat\u00e1ndole la vida al instante.<\/p>\n\n\n\n<p>Socorristas de Cardel se desplazaron hasta el lugar para brindarle los primeros auxilios al agraviado, pero luego de confirmar que ya no contaba con signos vitales, se encargaron de realizar el abanderamiento del percance.<\/p>\n\n\n\n<p>Personal encargado del mantenimiento del libramiento inform\u00f3 que el tr\u00e1fico se desvi\u00f3 desde el kil\u00f3metro 0 mientras agentes de servicios periciales y la polic\u00eda ministerial realizaban las diligencias en la escena del percance.<\/p>\n","protected":false},"excerpt":{"rendered":"<p>Alejandro \u00c1vila Foto: Sergio Aldazaba\/Cortes\u00eda La Antigua, Ver.- Un motociclista perdi\u00f3 la vida tras ser arrollado por el conductor de un tractocami\u00f3n que perdi\u00f3 el control de la unidad, se salt\u00f3 el muro de contenci\u00f3n entrando al carril contrario e impact\u00f3 sobre el joven. Los hechos ocurrieron la tarde de este martes en el libramiento [&hellip;]<\/p>\n","protected":false},"author":2476,"featured_media":60643,"comment_status":"open","ping_status":"open","sticky":false,"template":"","format":"standard","meta":{"_jetpack_memberships_contains_paid_content":false,"footnotes":""},"categories":[8],"tags":[],"class_list":["post-60642","post","type-post","status-publish","format-standard","has-post-thumbnail","hentry","category-region"],"jetpack_featured_media_url":"https:\/\/encuentroinformativo.com.mx\/wp-content\/uploads\/2024\/11\/Point-Blur_Nov122024_200007.jpg","jetpack_sharing_enabled":true,"jetpack_likes_enabled":true,"amp_enabled":true,"_links":{"self":[{"href":"https:\/\/encuentroinformativo.com.mx\/index.php?rest_route=\/wp\/v2\/posts\/60642","targetHints":{"allow":["GET"]}}],"collection":[{"href":"https:\/\/encuentroinformativo.com.mx\/index.php?rest_route=\/wp\/v2\/posts"}],"about":[{"href":"https:\/\/encuentroinformativo.com.mx\/index.php?rest_route=\/wp\/v2\/types\/post"}],"author":[{"embeddable":true,"href":"https:\/\/encuentroinformativo.com.mx\/index.php?rest_route=\/wp\/v2\/users\/2476"}],"replies":[{"embeddable":true,"href":"https:\/\/encuentroinformativo.com.mx\/index.php?rest_route=%2Fwp%2Fv2%2Fcomments&post=60642"}],"version-history":[{"count":1,"href":"https:\/\/encuentroinformativo.com.mx\/index.php?rest_route=\/wp\/v2\/posts\/60642\/revisions"}],"predecessor-version":[{"id":60644,"href":"https:\/\/encuentroinformativo.com.mx\/index.php?rest_route=\/wp\/v2\/posts\/60642\/revisions\/60644"}],"wp:featuredmedia":[{"embeddable":true,"href":"https:\/\/encuentroinformativo.com.mx\/index.php?rest_route=\/wp\/v2\/media\/60643"}],"wp:attachment":[{"href":"https:\/\/encuentroinformativo.com.mx\/index.php?rest_route=%2Fwp%2Fv2%2Fmedia&parent=60642"}],"wp:term":[{"taxonomy":"category","embeddable":true,"href":"https:\/\/encuentroinformativo.com.mx\/index.php?rest_route=%2Fwp%2Fv2%2Fcategories&post=60642"},{"taxonomy":"post_tag","embeddable":true,"href":"https:\/\/encuentroinformativo.com.mx\/index.php?rest_route=%2Fwp%2Fv2%2Ftags&post=60642"}],"curies":[{"name":"wp","href":"https:\/\/api.w.org\/{rel}","templated":true}]}}