{"id":60645,"date":"2024-11-12T20:18:59","date_gmt":"2024-11-13T02:18:59","guid":{"rendered":"https:\/\/encuentroinformativo.com.mx\/?p=60645"},"modified":"2024-11-12T20:19:06","modified_gmt":"2024-11-13T02:19:06","slug":"abierta-la-circulacion-en-la-carretera-180-sict","status":"publish","type":"post","link":"https:\/\/encuentroinformativo.com.mx\/?p=60645","title":{"rendered":"Abierta la circulaci\u00f3n en la carretera 180: SICT"},"content":{"rendered":"\n<p>Xalapa, Ver.- El Centro SICT Veracruz informa que a partir de las 19:15 horas qued\u00f3 abierta la circulaci\u00f3n, en ambos sentidos, la carretera federal 180 Poza Rica-Veracruz, tramo Nautla-Cardel, km 179+990. Esto fue posible gracias a la instalaci\u00f3n de una rampa met\u00e1lica que permite el paso alternado de veh\u00edculos pesados de manera provisional.<\/p>\n\n\n\n<p>Las cuadrillas de la SICT contin\u00faan con los trabajos para rehabilitar en su totalidad el hundimiento que afect\u00f3 la carpeta asf\u00e1ltica anoche, a la altura del tramo Cerro de los Metates.<\/p>\n\n\n\n<p>Adem\u00e1s, se informa que los equipos necesarios para la reconstrucci\u00f3n de la alcantarilla se encuentran en camino y, con todos los materiales disponibles, se prev\u00e9 completar la reconstrucci\u00f3n en aproximadamente cuatro d\u00edas.<\/p>\n\n\n\n<p>La SICT mantiene una estrecha coordinaci\u00f3n con el Gobierno del Estado de Veracruz y el ayuntamiento, as\u00ed como con la Comisi\u00f3n Federal de Electricidad (CFE) debido a la ruta de evacuaci\u00f3n del (PERE).<\/p>\n\n\n\n<figure class=\"wp-block-image size-large\"><img loading=\"lazy\" decoding=\"async\" width=\"1024\" height=\"576\" src=\"https:\/\/encuentroinformativo.com.mx\/wp-content\/uploads\/2024\/11\/1000422128-1024x576.jpg\" alt=\"\" class=\"wp-image-60647\" srcset=\"https:\/\/encuentroinformativo.com.mx\/wp-content\/uploads\/2024\/11\/1000422128-1024x576.jpg 1024w, https:\/\/encuentroinformativo.com.mx\/wp-content\/uploads\/2024\/11\/1000422128-300x169.jpg 300w, https:\/\/encuentroinformativo.com.mx\/wp-content\/uploads\/2024\/11\/1000422128-768x432.jpg 768w, https:\/\/encuentroinformativo.com.mx\/wp-content\/uploads\/2024\/11\/1000422128.jpg 1280w\" sizes=\"auto, (max-width: 1024px) 100vw, 1024px\" \/><\/figure>\n","protected":false},"excerpt":{"rendered":"<p>Xalapa, Ver.- El Centro SICT Veracruz informa que a partir de las 19:15 horas qued\u00f3 abierta la circulaci\u00f3n, en ambos sentidos, la carretera federal 180 Poza Rica-Veracruz, tramo Nautla-Cardel, km 179+990. Esto fue posible gracias a la instalaci\u00f3n de una rampa met\u00e1lica que permite el paso alternado de veh\u00edculos pesados de manera provisional. Las cuadrillas [&hellip;]<\/p>\n","protected":false},"author":2476,"featured_media":60646,"comment_status":"open","ping_status":"open","sticky":false,"template":"","format":"standard","meta":{"_jetpack_memberships_contains_paid_content":false,"footnotes":""},"categories":[2],"tags":[],"class_list":["post-60645","post","type-post","status-publish","format-standard","has-post-thumbnail","hentry","category-estado"],"jetpack_featured_media_url":"https:\/\/encuentroinformativo.com.mx\/wp-content\/uploads\/2024\/11\/IMG-20241112-WA0117.jpg","jetpack_sharing_enabled":true,"jetpack_likes_enabled":true,"amp_enabled":true,"_links":{"self":[{"href":"https:\/\/encuentroinformativo.com.mx\/index.php?rest_route=\/wp\/v2\/posts\/60645","targetHints":{"allow":["GET"]}}],"collection":[{"href":"https:\/\/encuentroinformativo.com.mx\/index.php?rest_route=\/wp\/v2\/posts"}],"about":[{"href":"https:\/\/encuentroinformativo.com.mx\/index.php?rest_route=\/wp\/v2\/types\/post"}],"author":[{"embeddable":true,"href":"https:\/\/encuentroinformativo.com.mx\/index.php?rest_route=\/wp\/v2\/users\/2476"}],"replies":[{"embeddable":true,"href":"https:\/\/encuentroinformativo.com.mx\/index.php?rest_route=%2Fwp%2Fv2%2Fcomments&post=60645"}],"version-history":[{"count":1,"href":"https:\/\/encuentroinformativo.com.mx\/index.php?rest_route=\/wp\/v2\/posts\/60645\/revisions"}],"predecessor-version":[{"id":60648,"href":"https:\/\/encuentroinformativo.com.mx\/index.php?rest_route=\/wp\/v2\/posts\/60645\/revisions\/60648"}],"wp:featuredmedia":[{"embeddable":true,"href":"https:\/\/encuentroinformativo.com.mx\/index.php?rest_route=\/wp\/v2\/media\/60646"}],"wp:attachment":[{"href":"https:\/\/encuentroinformativo.com.mx\/index.php?rest_route=%2Fwp%2Fv2%2Fmedia&parent=60645"}],"wp:term":[{"taxonomy":"category","embeddable":true,"href":"https:\/\/encuentroinformativo.com.mx\/index.php?rest_route=%2Fwp%2Fv2%2Fcategories&post=60645"},{"taxonomy":"post_tag","embeddable":true,"href":"https:\/\/encuentroinformativo.com.mx\/index.php?rest_route=%2Fwp%2Fv2%2Ftags&post=60645"}],"curies":[{"name":"wp","href":"https:\/\/api.w.org\/{rel}","templated":true}]}}