{"id":60655,"date":"2024-11-13T10:30:05","date_gmt":"2024-11-13T16:30:05","guid":{"rendered":"https:\/\/encuentroinformativo.com.mx\/?p=60655"},"modified":"2024-11-13T10:30:19","modified_gmt":"2024-11-13T16:30:19","slug":"negligencia-fallece-masculino-en-las-afueras-del-hospital-civil","status":"publish","type":"post","link":"https:\/\/encuentroinformativo.com.mx\/?p=60655","title":{"rendered":"\u00bfNegligencia? Fallece masculino en las afueras del Hospital Civil"},"content":{"rendered":"\n<p><strong>*Personal del nosocomio neg\u00f3 a los elementos polic\u00edacos una s\u00e1bana para poder cubrir el cuerpo. <\/strong><\/p>\n\n\n\n<p><strong>Dar\u00edo Pale<\/strong><\/p>\n\n\n\n<p>Xalapa, Ver.- Falleci\u00f3 una persona a las afueras del Hospital Civil \u201cDoctor Luis F. Nach\u00f3n\u201d, luego de recibir atenci\u00f3n por una contusi\u00f3n en la cabeza, personal del nosocomio les neg\u00f3 una s\u00e1bana a los elementos policiacos para poder cubrir el cuerpo, por lo que solo lo cubrieron con una bolsa negra que estaba en el lugar.<\/p>\n\n\n\n<p>La ma\u00f1ana de este mi\u00e9rcoles un hombre falleci\u00f3 afuera del Hospital Civil, ubicado en la esquina de las calles Nicol\u00e1s Bravo y Pedro Rend\u00f3n, en la zona centro de la capital del estado, donde seg\u00fan datos de las personas que se encontraban en el lugar personal del Hospital Civil del \u00e1rea de enfermeria, lo hab\u00eda sacado del interior del hospital despu\u00e9s de recibir atenci\u00f3n m\u00e9dica y lo sent\u00f3 en una de las bancas ubicadas en el exterior.<\/p>\n\n\n\n<p>El occiso, de entre 45 y 50 a\u00f1os de edad, arrib\u00f3 desde muy temprano al nosocomio con rastros de sangre en la ropa y un golpe en la cabeza, mismo por el que incluso fue vendado, sin embargo, personal del hospital lo sac\u00f3 luego de atenderlo y lo dej\u00f3 en una de las jardineras donde habitualmente los pacientes y sus familias se sientan para esperar a ser atendidos.\u00a0<\/p>\n\n\n\n<p>El hombre ten\u00eda un vendaje en la cabeza, cubriendo una herida. Vest\u00eda un pantal\u00f3n rojo, una sudadera gris y tenis blancos con franjas negras, ante la mirada de los transe\u00fantes, el hombre permaneci\u00f3 sentado durante casi dos horas, muriendo lentamente hasta que su cuerpo se puso r\u00edgido y finalmente falleci\u00f3.<\/p>\n\n\n\n<p>Al lugar lleg\u00f3 personal de la Polic\u00eda Municipal, quienes, tras atender el reporte, solicitaron la presencia de param\u00e9dicos que confirmaron el deceso.<\/p>\n\n\n\n<p>Cabe destacar que el personal del hospital neg\u00f3 a los polic\u00edas una s\u00e1bana para cubrir el cuerpo.<\/p>\n\n\n\n<p>Ante esta negativa, los elementos policiacos se vieron obligados a improvisar y cubrieron parcialmente el cuerpo con una bolsa negra.<\/p>\n\n\n\n<p>La zona fue acordonada y, posteriormente, personal de Servicios Periciales arrib\u00f3 al lugar, recab\u00f3 la informaci\u00f3n y levant\u00f3 el cuerpo para trasladarlo al SEMEFO, donde permanece en calidad de desconocido.<\/p>\n","protected":false},"excerpt":{"rendered":"<p>*Personal del nosocomio neg\u00f3 a los elementos polic\u00edacos una s\u00e1bana para poder cubrir el cuerpo. Dar\u00edo Pale Xalapa, Ver.- Falleci\u00f3 una persona a las afueras del Hospital Civil \u201cDoctor Luis F. Nach\u00f3n\u201d, luego de recibir atenci\u00f3n por una contusi\u00f3n en la cabeza, personal del nosocomio les neg\u00f3 una s\u00e1bana a los elementos policiacos para poder [&hellip;]<\/p>\n","protected":false},"author":2476,"featured_media":60656,"comment_status":"open","ping_status":"open","sticky":false,"template":"","format":"standard","meta":{"_jetpack_memberships_contains_paid_content":false,"footnotes":""},"categories":[9],"tags":[],"class_list":["post-60655","post","type-post","status-publish","format-standard","has-post-thumbnail","hentry","category-salud"],"jetpack_featured_media_url":"https:\/\/encuentroinformativo.com.mx\/wp-content\/uploads\/2024\/11\/IMG-20241113-WA0009.jpg","jetpack_sharing_enabled":true,"jetpack_likes_enabled":true,"amp_enabled":true,"_links":{"self":[{"href":"https:\/\/encuentroinformativo.com.mx\/index.php?rest_route=\/wp\/v2\/posts\/60655","targetHints":{"allow":["GET"]}}],"collection":[{"href":"https:\/\/encuentroinformativo.com.mx\/index.php?rest_route=\/wp\/v2\/posts"}],"about":[{"href":"https:\/\/encuentroinformativo.com.mx\/index.php?rest_route=\/wp\/v2\/types\/post"}],"author":[{"embeddable":true,"href":"https:\/\/encuentroinformativo.com.mx\/index.php?rest_route=\/wp\/v2\/users\/2476"}],"replies":[{"embeddable":true,"href":"https:\/\/encuentroinformativo.com.mx\/index.php?rest_route=%2Fwp%2Fv2%2Fcomments&post=60655"}],"version-history":[{"count":1,"href":"https:\/\/encuentroinformativo.com.mx\/index.php?rest_route=\/wp\/v2\/posts\/60655\/revisions"}],"predecessor-version":[{"id":60657,"href":"https:\/\/encuentroinformativo.com.mx\/index.php?rest_route=\/wp\/v2\/posts\/60655\/revisions\/60657"}],"wp:featuredmedia":[{"embeddable":true,"href":"https:\/\/encuentroinformativo.com.mx\/index.php?rest_route=\/wp\/v2\/media\/60656"}],"wp:attachment":[{"href":"https:\/\/encuentroinformativo.com.mx\/index.php?rest_route=%2Fwp%2Fv2%2Fmedia&parent=60655"}],"wp:term":[{"taxonomy":"category","embeddable":true,"href":"https:\/\/encuentroinformativo.com.mx\/index.php?rest_route=%2Fwp%2Fv2%2Fcategories&post=60655"},{"taxonomy":"post_tag","embeddable":true,"href":"https:\/\/encuentroinformativo.com.mx\/index.php?rest_route=%2Fwp%2Fv2%2Ftags&post=60655"}],"curies":[{"name":"wp","href":"https:\/\/api.w.org\/{rel}","templated":true}]}}