{"id":60671,"date":"2024-11-13T12:15:16","date_gmt":"2024-11-13T18:15:16","guid":{"rendered":"https:\/\/encuentroinformativo.com.mx\/?p=60671"},"modified":"2024-11-13T12:15:22","modified_gmt":"2024-11-13T18:15:22","slug":"esau-valencia-nuevo-coordinador-de-comunicacion-social-del-congreso","status":"publish","type":"post","link":"https:\/\/encuentroinformativo.com.mx\/?p=60671","title":{"rendered":"Esa\u00fa Valencia, nuevo coordinador de Comunicaci\u00f3n Social del Congreso"},"content":{"rendered":"\n<p><strong>* Le entrega el nombramiento el presidente de la Junta de Coordinaci\u00f3n Pol\u00edtica, diputado Esteban Bautista Hern\u00e1ndez.<\/strong><\/p>\n\n\n\n<p>Xalapa, Ver.- El presidente de la Junta de Coordinaci\u00f3n Pol\u00edtica de la LXVII Legislatura, diputado Esteban Bautista Hern\u00e1ndez, entreg\u00f3 al periodista Esa\u00fa Valencia Heredia el nombramiento que le acredita como titular de la Coordinaci\u00f3n de Comunicaci\u00f3n Social del Congreso del Estado de Veracruz.<\/p>\n\n\n\n<p>En un acto celebrado en oficinas del Palacio Legislativo, el nuevo coordinador de Comunicaci\u00f3n Social asumi\u00f3 la responsabilidad de dar cumplimiento a la legislaci\u00f3n vigente en la materia y al marco que regula la actuaci\u00f3n de los servidores p\u00fablicos de este Poder.<\/p>\n\n\n\n<p>El servidor p\u00fablico expres\u00f3 su compromiso con la pluralidad democr\u00e1tica representada en el Pleno de este Congreso y su convicci\u00f3n para llevar adelante esta encomienda con apertura, respeto, equidad, transparencia, oportunidad y eficiencia.<\/p>\n\n\n\n<p>Esa\u00fa Valencia Heredia sustituye en el cargo a Guillermo N\u00fa\u00f1ez Huesca, quien ocup\u00f3 dicha titularidad para la LXVI Legislatura.<\/p>\n\n\n\n<p><strong>Trayectoria profesional<\/strong><\/p>\n\n\n\n<p>Esa\u00fa Valencia Heredia tiene licenciatura en Ciencias y T\u00e9cnicas de la Comunicaci\u00f3n y maestr\u00eda en Periodismo, ambas por la Universidad Veracruzana (UV). Adem\u00e1s, le precede una amplia experiencia profesional como reportero y periodista en la entidad a lo largo de 42 a\u00f1os.<\/p>\n\n\n\n<p>Su formaci\u00f3n incluye la participaci\u00f3n en distintos seminarios, cursos, cumbres y congresos en materia de comunicaci\u00f3n pol\u00edtica, comercio exterior, an\u00e1lisis pol\u00edtico, periodismo y marketing pol\u00edtico, entre otras especialidades.<\/p>\n\n\n\n<p>Destaca su labor como reportero de El Sol de Veracruz, de El Universal de Veracruz y de la XEU; corresponsal de la Agencia Mexicana de Noticias (Notimex), del Diario del Istmo de Coatzacoalcos y del peri\u00f3dico Exc\u00e9lsior 2006; director general del portal de noticias Cambio Digital, subdirector de diversos medios y columnista de Notiver.<\/p>\n","protected":false},"excerpt":{"rendered":"<p>* Le entrega el nombramiento el presidente de la Junta de Coordinaci\u00f3n Pol\u00edtica, diputado Esteban Bautista Hern\u00e1ndez. Xalapa, Ver.- El presidente de la Junta de Coordinaci\u00f3n Pol\u00edtica de la LXVII Legislatura, diputado Esteban Bautista Hern\u00e1ndez, entreg\u00f3 al periodista Esa\u00fa Valencia Heredia el nombramiento que le acredita como titular de la Coordinaci\u00f3n de Comunicaci\u00f3n Social del [&hellip;]<\/p>\n","protected":false},"author":2476,"featured_media":60672,"comment_status":"open","ping_status":"open","sticky":false,"template":"","format":"standard","meta":{"_jetpack_memberships_contains_paid_content":false,"footnotes":""},"categories":[2],"tags":[],"class_list":["post-60671","post","type-post","status-publish","format-standard","has-post-thumbnail","hentry","category-estado"],"jetpack_featured_media_url":"https:\/\/encuentroinformativo.com.mx\/wp-content\/uploads\/2024\/11\/IMG-20241113-WA0011.jpg","jetpack_sharing_enabled":true,"jetpack_likes_enabled":true,"amp_enabled":true,"_links":{"self":[{"href":"https:\/\/encuentroinformativo.com.mx\/index.php?rest_route=\/wp\/v2\/posts\/60671","targetHints":{"allow":["GET"]}}],"collection":[{"href":"https:\/\/encuentroinformativo.com.mx\/index.php?rest_route=\/wp\/v2\/posts"}],"about":[{"href":"https:\/\/encuentroinformativo.com.mx\/index.php?rest_route=\/wp\/v2\/types\/post"}],"author":[{"embeddable":true,"href":"https:\/\/encuentroinformativo.com.mx\/index.php?rest_route=\/wp\/v2\/users\/2476"}],"replies":[{"embeddable":true,"href":"https:\/\/encuentroinformativo.com.mx\/index.php?rest_route=%2Fwp%2Fv2%2Fcomments&post=60671"}],"version-history":[{"count":1,"href":"https:\/\/encuentroinformativo.com.mx\/index.php?rest_route=\/wp\/v2\/posts\/60671\/revisions"}],"predecessor-version":[{"id":60673,"href":"https:\/\/encuentroinformativo.com.mx\/index.php?rest_route=\/wp\/v2\/posts\/60671\/revisions\/60673"}],"wp:featuredmedia":[{"embeddable":true,"href":"https:\/\/encuentroinformativo.com.mx\/index.php?rest_route=\/wp\/v2\/media\/60672"}],"wp:attachment":[{"href":"https:\/\/encuentroinformativo.com.mx\/index.php?rest_route=%2Fwp%2Fv2%2Fmedia&parent=60671"}],"wp:term":[{"taxonomy":"category","embeddable":true,"href":"https:\/\/encuentroinformativo.com.mx\/index.php?rest_route=%2Fwp%2Fv2%2Fcategories&post=60671"},{"taxonomy":"post_tag","embeddable":true,"href":"https:\/\/encuentroinformativo.com.mx\/index.php?rest_route=%2Fwp%2Fv2%2Ftags&post=60671"}],"curies":[{"name":"wp","href":"https:\/\/api.w.org\/{rel}","templated":true}]}}