{"id":60674,"date":"2024-11-13T12:24:05","date_gmt":"2024-11-13T18:24:05","guid":{"rendered":"https:\/\/encuentroinformativo.com.mx\/?p=60674"},"modified":"2024-11-13T12:24:10","modified_gmt":"2024-11-13T18:24:10","slug":"se-atendera-a-todos-sin-distincion-afirma-pozos-castro","status":"publish","type":"post","link":"https:\/\/encuentroinformativo.com.mx\/?p=60674","title":{"rendered":"Se atender\u00e1 a todos sin distinci\u00f3n, afirma Pozos Castro"},"content":{"rendered":"\n<p><strong>Dar\u00edo Pale <\/strong><\/p>\n\n\n\n<p>Xalapa, Ver.- Jos\u00e9 Manuel Pozos Castro, quien habr\u00e1 de asumir la Subsecretar\u00eda de Gobierno durante el mandato de Roc\u00edo Nahle, dio a conocer que ya se trabaja en la revisi\u00f3n de las \u00e1reas y dependencias del gobierno de Veracruz, como parte del proceso de entrega-recepci\u00f3n que se debe realizar en tiempo y forma previo al inicio de la nueva administraci\u00f3n estatal.<\/p>\n\n\n\n<p>En entrevista afirm\u00f3 que dicha preparaci\u00f3n &#8220;se est\u00e1 dando en un proceso terzo, de respeto, como nos ha indicado la gobernadora. Y estamos precisamente analizando \u00e1rea por \u00e1rea qu\u00e9 corresponde a la Subsecretar\u00eda&#8221;.<\/p>\n\n\n\n<p>&#8220;Queremos dejar muy preparadas todas las \u00e1reas para que respetemos los tiempos y estemos en posibilidades de el d\u00eda primero de diciembre tener la entrega&#8221;, coment\u00f3.<\/p>\n\n\n\n<p>Pozos Castro recalc\u00f3 que la instrucci\u00f3n de la pr\u00f3xima gobernadora es atender a toda la ciudadan\u00eda, sin distinci\u00f3n.<\/p>\n\n\n\n<p>A su vez, asegur\u00f3 haber cumplido en materia de infraestructura como alcalde de Tuxpan, municipio que dijo haber dejado &#8220;con un avance muy importante&#8221;.<\/p>\n","protected":false},"excerpt":{"rendered":"<p>Dar\u00edo Pale Xalapa, Ver.- Jos\u00e9 Manuel Pozos Castro, quien habr\u00e1 de asumir la Subsecretar\u00eda de Gobierno durante el mandato de Roc\u00edo Nahle, dio a conocer que ya se trabaja en la revisi\u00f3n de las \u00e1reas y dependencias del gobierno de Veracruz, como parte del proceso de entrega-recepci\u00f3n que se debe realizar en tiempo y forma [&hellip;]<\/p>\n","protected":false},"author":2476,"featured_media":60675,"comment_status":"open","ping_status":"open","sticky":false,"template":"","format":"standard","meta":{"_jetpack_memberships_contains_paid_content":false,"footnotes":""},"categories":[2],"tags":[],"class_list":["post-60674","post","type-post","status-publish","format-standard","has-post-thumbnail","hentry","category-estado"],"jetpack_featured_media_url":"https:\/\/encuentroinformativo.com.mx\/wp-content\/uploads\/2024\/11\/IMG-20241113-WA00252.jpg","jetpack_sharing_enabled":true,"jetpack_likes_enabled":true,"amp_enabled":true,"_links":{"self":[{"href":"https:\/\/encuentroinformativo.com.mx\/index.php?rest_route=\/wp\/v2\/posts\/60674","targetHints":{"allow":["GET"]}}],"collection":[{"href":"https:\/\/encuentroinformativo.com.mx\/index.php?rest_route=\/wp\/v2\/posts"}],"about":[{"href":"https:\/\/encuentroinformativo.com.mx\/index.php?rest_route=\/wp\/v2\/types\/post"}],"author":[{"embeddable":true,"href":"https:\/\/encuentroinformativo.com.mx\/index.php?rest_route=\/wp\/v2\/users\/2476"}],"replies":[{"embeddable":true,"href":"https:\/\/encuentroinformativo.com.mx\/index.php?rest_route=%2Fwp%2Fv2%2Fcomments&post=60674"}],"version-history":[{"count":1,"href":"https:\/\/encuentroinformativo.com.mx\/index.php?rest_route=\/wp\/v2\/posts\/60674\/revisions"}],"predecessor-version":[{"id":60676,"href":"https:\/\/encuentroinformativo.com.mx\/index.php?rest_route=\/wp\/v2\/posts\/60674\/revisions\/60676"}],"wp:featuredmedia":[{"embeddable":true,"href":"https:\/\/encuentroinformativo.com.mx\/index.php?rest_route=\/wp\/v2\/media\/60675"}],"wp:attachment":[{"href":"https:\/\/encuentroinformativo.com.mx\/index.php?rest_route=%2Fwp%2Fv2%2Fmedia&parent=60674"}],"wp:term":[{"taxonomy":"category","embeddable":true,"href":"https:\/\/encuentroinformativo.com.mx\/index.php?rest_route=%2Fwp%2Fv2%2Fcategories&post=60674"},{"taxonomy":"post_tag","embeddable":true,"href":"https:\/\/encuentroinformativo.com.mx\/index.php?rest_route=%2Fwp%2Fv2%2Ftags&post=60674"}],"curies":[{"name":"wp","href":"https:\/\/api.w.org\/{rel}","templated":true}]}}