{"id":60677,"date":"2024-11-13T12:32:45","date_gmt":"2024-11-13T18:32:45","guid":{"rendered":"https:\/\/encuentroinformativo.com.mx\/?p=60677"},"modified":"2024-11-13T12:32:50","modified_gmt":"2024-11-13T18:32:50","slug":"proximo-gobierno-atendera-retos-y-rezagos-ricardo-ahued","status":"publish","type":"post","link":"https:\/\/encuentroinformativo.com.mx\/?p=60677","title":{"rendered":"Pr\u00f3ximo gobierno atender\u00e1 retos y rezagos: Ricardo Ahued"},"content":{"rendered":"\n<p><strong>Dar\u00edo Pale <\/strong><\/p>\n\n\n\n<p>Xalapa, Ver.- El presidente municipal de Xalapa Ricardo Ahued Bardahuil dio a conocer que, tienen que atender a todos y quieren un gobierno que atienda a las causas sin importar de qu\u00e9 partido son, la intenci\u00f3n que tiene la gobernadora en lo general es asumir los retos que les toque del \u00e1rea que les corresponda y del cargo que les otorgue.<\/p>\n\n\n\n<p>En entrevista dijo que hoy fueron invitados por el gobernador Cuitl\u00e1huac Garc\u00eda Jim\u00e9nez y de la gobernadora electa para llevar a cabo un saludo a quienes ratifique en su cargo como integrantes de su gabinete y a los que van de salida para seguir con el proceso de la entrega &#8211; recepci\u00f3n.<\/p>\n\n\n\n<p>Dijo que como alcalde de Xalapa se rompi\u00f3 r\u00e9cord de obras en Xalapa en un sexenio, no duda que en el pasado se hayan hecho esfuerzos importantes, pero ahora Xalapa con colectores pluviales, con puentes y con ampliaciones de avenidas, as\u00ed como la introducci\u00f3n de servicios para que no se inunden algunas colonias los ayudo mucho.<\/p>\n\n\n\n<p>Se\u00f1al\u00f3 que falta mucho por hacer hoy se quedar\u00e1 si lo ratifica la gobernadora electa Roc\u00edo Nahle en su gabinete, Alberto Islas, al frente de la presidencia y dar\u00e1 su informe el d\u00eda 28 de noviembre en palacio municipal y dejar\u00eda el cargo el d\u00eda 30 para estar atento a las instrucciones de un nuevo gobierno.<\/p>\n\n\n\n<p>\u201cA\u00fan hace falta mucho por hacer (\u2026); yo rendir\u00e9 el informe el 28 de noviembre y, de estar confirmado, dejar\u00eda la administraci\u00f3n municipal el d\u00eda 30 para proceder y estar atento a las instrucciones del nuevo gobierno como subordinado de esta administraci\u00f3n\u201d, se\u00f1al\u00f3.<\/p>\n\n\n\n<p>En el proceso de entrega recepci\u00f3n coment\u00f3 que el d\u00eda 4 de noviembre empez\u00f3 el equipo que acreditaron y el que tambi\u00e9n se acredita como trabajo de ayuda a las administraciones, en el caso de la secretar\u00eda van muy bien, las personas se van incorporando y las personas poco a poco se van abriendo.<\/p>\n\n\n\n<p>&#8220;Vamos muy bien, las personas se est\u00e1n incorporando poco a poco conforme al calendario que tenemos para las dem\u00e1s \u00e1reas de la Secretar\u00eda, y se est\u00e1 dando seguimiento a los temas administrativos\u201d.<\/p>\n\n\n\n<p>Coment\u00f3 que la intenci\u00f3n que tiene la gobernadora en lo general es asumir los retos que les toque del \u00e1rea que les corresponda y del cargo que les otorgue, donde cada quien asumir\u00e1 sus retos y poner su esfuerzo para ver cuales son los asuntos pendiente, empezarlos afrontar y que se vean soluciones en muy corto plazo, eso es lo que tienen que hacer.<\/p>\n\n\n\n<p>\u201cCada quien tenemos que llegar con toda la entereza el \u00e1nimo, la transparencia, la honradez de un gobierno que asuma sus retos que tiene pendientes, yo creo que hay muchas cosas que hay que destacar que hay ahorita, y dejar lo bueno, pero lo que tengamos como reto que se da en cada sucesi\u00f3n de gobierno asumirlo de inmediato y atacar esos frentes donde tengamos rezagos importantes que atender\u201d, se\u00f1al\u00f3.<\/p>\n\n\n\n<p>Van a gobernar para todos que se atiendan los problemas desde la ra\u00edz, que no enga\u00f1en a los ciudadanos, que se revisen cu\u00e1les son los problemas importantes en cada regi\u00f3n de Veracruz, sin \u201cvaciladas y que tengamos la humildad y el car\u00e1cter de ser capaces de honrar este cargo que nos dejan\u201d.<\/p>\n\n\n\n<p>Atender\u00e1n a todos los alcaldes, cada quien tendr\u00e1 sus preferencias ideol\u00f3gicas partidarias pero en orden, en base a la ley tienen que atender a todos y quieren un gobierno que atienda a las causas sin importar de qu\u00e9 partido son.<\/p>\n","protected":false},"excerpt":{"rendered":"<p>Dar\u00edo Pale Xalapa, Ver.- El presidente municipal de Xalapa Ricardo Ahued Bardahuil dio a conocer que, tienen que atender a todos y quieren un gobierno que atienda a las causas sin importar de qu\u00e9 partido son, la intenci\u00f3n que tiene la gobernadora en lo general es asumir los retos que les toque del \u00e1rea que [&hellip;]<\/p>\n","protected":false},"author":2476,"featured_media":60678,"comment_status":"open","ping_status":"open","sticky":false,"template":"","format":"standard","meta":{"_jetpack_memberships_contains_paid_content":false,"footnotes":""},"categories":[2],"tags":[],"class_list":["post-60677","post","type-post","status-publish","format-standard","has-post-thumbnail","hentry","category-estado"],"jetpack_featured_media_url":"https:\/\/encuentroinformativo.com.mx\/wp-content\/uploads\/2024\/11\/IMG-20241113-WA0023.jpg","jetpack_sharing_enabled":true,"jetpack_likes_enabled":true,"amp_enabled":true,"_links":{"self":[{"href":"https:\/\/encuentroinformativo.com.mx\/index.php?rest_route=\/wp\/v2\/posts\/60677","targetHints":{"allow":["GET"]}}],"collection":[{"href":"https:\/\/encuentroinformativo.com.mx\/index.php?rest_route=\/wp\/v2\/posts"}],"about":[{"href":"https:\/\/encuentroinformativo.com.mx\/index.php?rest_route=\/wp\/v2\/types\/post"}],"author":[{"embeddable":true,"href":"https:\/\/encuentroinformativo.com.mx\/index.php?rest_route=\/wp\/v2\/users\/2476"}],"replies":[{"embeddable":true,"href":"https:\/\/encuentroinformativo.com.mx\/index.php?rest_route=%2Fwp%2Fv2%2Fcomments&post=60677"}],"version-history":[{"count":1,"href":"https:\/\/encuentroinformativo.com.mx\/index.php?rest_route=\/wp\/v2\/posts\/60677\/revisions"}],"predecessor-version":[{"id":60679,"href":"https:\/\/encuentroinformativo.com.mx\/index.php?rest_route=\/wp\/v2\/posts\/60677\/revisions\/60679"}],"wp:featuredmedia":[{"embeddable":true,"href":"https:\/\/encuentroinformativo.com.mx\/index.php?rest_route=\/wp\/v2\/media\/60678"}],"wp:attachment":[{"href":"https:\/\/encuentroinformativo.com.mx\/index.php?rest_route=%2Fwp%2Fv2%2Fmedia&parent=60677"}],"wp:term":[{"taxonomy":"category","embeddable":true,"href":"https:\/\/encuentroinformativo.com.mx\/index.php?rest_route=%2Fwp%2Fv2%2Fcategories&post=60677"},{"taxonomy":"post_tag","embeddable":true,"href":"https:\/\/encuentroinformativo.com.mx\/index.php?rest_route=%2Fwp%2Fv2%2Ftags&post=60677"}],"curies":[{"name":"wp","href":"https:\/\/api.w.org\/{rel}","templated":true}]}}