{"id":60680,"date":"2024-11-13T14:32:34","date_gmt":"2024-11-13T20:32:34","guid":{"rendered":"https:\/\/encuentroinformativo.com.mx\/?p=60680"},"modified":"2024-11-13T14:32:40","modified_gmt":"2024-11-13T20:32:40","slug":"sin-rezago-en-proceso-de-entrega-recepcion-en-la-sev-claudia-tello","status":"publish","type":"post","link":"https:\/\/encuentroinformativo.com.mx\/?p=60680","title":{"rendered":"Sin rezago en proceso de entrega-recepci\u00f3n en la SEV: Claudia Tello"},"content":{"rendered":"\n<p><strong>Dar\u00edo Pale <\/strong><\/p>\n\n\n\n<p>Xalapa, Ver.- La senadora y pr\u00f3xima Secretaria de Educaci\u00f3n de Veracruz, Claudia Tello Espinosa dio a conocer que, los planteles que resultaron afectados por las recientes lluvias dijo que, protecci\u00f3n civil, junto con el gobernador del estado que son a quienes les corresponde est\u00e1n atendiendo la situaci\u00f3n al igual que la gobernadora electa Roc\u00edo Nahle\u00a0<\/p>\n\n\n\n<p>En entrevista se\u00f1al\u00f3 que, ya tiene d\u00edas que est\u00e1n trabajando en la entrega &#8211; recepci\u00f3n y hoy se reunieron con la gobernadora electa Roc\u00edo Nahle Garcia y con los dem\u00e1s secretarios donde hicieron el evento simb\u00f3lico de la entrega &#8211; recepci\u00f3n.<\/p>\n\n\n\n<p>Dijo que ya falta poco para que llegue a la Secretar\u00eda, se dijo estar muy emocionada ya que es maestra de vocaci\u00f3n, y va a dar todo lo que tenga y pueda para que est\u00e9n bien y se siga con la transformaci\u00f3n en el estado de Veracruz.<\/p>\n\n\n\n<p>Record\u00f3 que ya inici\u00f3 la beca \u201cRita Cetina\u201d, est\u00e1n en l\u00ednea por lo que los j\u00f3venes interesados est\u00e1n subiendo su informaci\u00f3n, en esta primera etapa son para secundaria y posteriormente ser\u00e1 para primaria y al final ser\u00e1 para preescolar.\u00a0<\/p>\n\n\n\n<p>En cuanto a los planteles que resultaron afectados por las recientes lluvias dijo que, protecci\u00f3n civil, junto con el gobernador del estado que son a quienes les corresponde est\u00e1n atendiendo la situaci\u00f3n al igual que la gobernadora electa.<\/p>\n\n\n\n<p>Finalmente coment\u00f3 que ya est\u00e1n al cien por ciento en la entrega &#8211; recepci\u00f3n, por lo que no hay ning\u00fan rezago hasta el momento.<\/p>\n","protected":false},"excerpt":{"rendered":"<p>Dar\u00edo Pale Xalapa, Ver.- La senadora y pr\u00f3xima Secretaria de Educaci\u00f3n de Veracruz, Claudia Tello Espinosa dio a conocer que, los planteles que resultaron afectados por las recientes lluvias dijo que, protecci\u00f3n civil, junto con el gobernador del estado que son a quienes les corresponde est\u00e1n atendiendo la situaci\u00f3n al igual que la gobernadora electa [&hellip;]<\/p>\n","protected":false},"author":2476,"featured_media":60681,"comment_status":"open","ping_status":"open","sticky":false,"template":"","format":"standard","meta":{"_jetpack_memberships_contains_paid_content":false,"footnotes":""},"categories":[2],"tags":[],"class_list":["post-60680","post","type-post","status-publish","format-standard","has-post-thumbnail","hentry","category-estado"],"jetpack_featured_media_url":"https:\/\/encuentroinformativo.com.mx\/wp-content\/uploads\/2024\/11\/IMG-20241113-WA00342.jpg","jetpack_sharing_enabled":true,"jetpack_likes_enabled":true,"amp_enabled":true,"_links":{"self":[{"href":"https:\/\/encuentroinformativo.com.mx\/index.php?rest_route=\/wp\/v2\/posts\/60680","targetHints":{"allow":["GET"]}}],"collection":[{"href":"https:\/\/encuentroinformativo.com.mx\/index.php?rest_route=\/wp\/v2\/posts"}],"about":[{"href":"https:\/\/encuentroinformativo.com.mx\/index.php?rest_route=\/wp\/v2\/types\/post"}],"author":[{"embeddable":true,"href":"https:\/\/encuentroinformativo.com.mx\/index.php?rest_route=\/wp\/v2\/users\/2476"}],"replies":[{"embeddable":true,"href":"https:\/\/encuentroinformativo.com.mx\/index.php?rest_route=%2Fwp%2Fv2%2Fcomments&post=60680"}],"version-history":[{"count":1,"href":"https:\/\/encuentroinformativo.com.mx\/index.php?rest_route=\/wp\/v2\/posts\/60680\/revisions"}],"predecessor-version":[{"id":60682,"href":"https:\/\/encuentroinformativo.com.mx\/index.php?rest_route=\/wp\/v2\/posts\/60680\/revisions\/60682"}],"wp:featuredmedia":[{"embeddable":true,"href":"https:\/\/encuentroinformativo.com.mx\/index.php?rest_route=\/wp\/v2\/media\/60681"}],"wp:attachment":[{"href":"https:\/\/encuentroinformativo.com.mx\/index.php?rest_route=%2Fwp%2Fv2%2Fmedia&parent=60680"}],"wp:term":[{"taxonomy":"category","embeddable":true,"href":"https:\/\/encuentroinformativo.com.mx\/index.php?rest_route=%2Fwp%2Fv2%2Fcategories&post=60680"},{"taxonomy":"post_tag","embeddable":true,"href":"https:\/\/encuentroinformativo.com.mx\/index.php?rest_route=%2Fwp%2Fv2%2Ftags&post=60680"}],"curies":[{"name":"wp","href":"https:\/\/api.w.org\/{rel}","templated":true}]}}