{"id":60689,"date":"2024-11-13T15:51:29","date_gmt":"2024-11-13T21:51:29","guid":{"rendered":"https:\/\/encuentroinformativo.com.mx\/?p=60689"},"modified":"2024-11-13T15:51:35","modified_gmt":"2024-11-13T21:51:35","slug":"designa-congreso-a-titulares-de-areas-administrativas","status":"publish","type":"post","link":"https:\/\/encuentroinformativo.com.mx\/?p=60689","title":{"rendered":"Designa Congreso a titulares de \u00e1reas administrativas"},"content":{"rendered":"\n<p><strong>* Entrega el presidente de la Junta de Coordinaci\u00f3n Pol\u00edtica, diputado Esteban Bautista Hern\u00e1ndez, los nombramientos a 17 servidoras y servidores p\u00fablicos.<\/strong><\/p>\n\n\n\n<p>Xalapa, Ver.- En apego a lo dispuesto en la fracci\u00f3n I del Art\u00edculo 45 del Reglamento para el Gobierno Interior del Poder Legislativo, la Presidencia de la Junta de Coordinaci\u00f3n Pol\u00edtica (Jucopo), a cargo del diputado Esteban Bautista Hern\u00e1ndez, nombr\u00f3 a las personas que asumir\u00e1n la titularidad de 17 \u00e1reas administrativas de este Congreso.<\/p>\n\n\n\n<p>En un acto celebrado en oficinas del Palacio Legislativo, el Diputado felicit\u00f3 a las personas que asumieron cada cargo y les exhort\u00f3 a mantener en su actuar un estricto apego a al marco normativo que rige al estado y a dar su m\u00e1ximo esfuerzo para optimizar los recursos y dar a las y los ciudadanos una atenci\u00f3n de calidad.<\/p>\n\n\n\n<p>El Presidente de la Jucopo destac\u00f3 el papel de la representaci\u00f3n popular en la actualizaci\u00f3n, creaci\u00f3n e impulso de nuevas leyes para beneficio de Veracruz, por lo que consider\u00f3 de suma importancia que las y los titulares de las distintas \u00e1reas cuenten con los conocimientos y las habilidades necesarias para desempe\u00f1ar su funci\u00f3n con un alto sentido de responsabilidad y profesionalismo.<\/p>\n\n\n\n<p>A continuaci\u00f3n, el \u00e1rea administrativa y la persona nombrada para el desempe\u00f1o del cargo respectivo, de acuerdo con los nombramientos emitidos por la Secretar\u00eda General de este Congreso.<\/p>\n\n\n\n<p>Secretar\u00eda de Fiscalizaci\u00f3n, Alma Leticia Pati\u00f1o Gabriel; Departamento de Asistencia a Comisiones, Jos\u00e9 Rafael Orozco \u00c1ngel; Departamento de Registro Documental Legislativo, Tom\u00e1s Gayoso Morales; Departamento de Fundo Legal, Maximiliano Gu\u00edzar Oseguera; Departamento de Finanzas, Francisco Orihuela Carmona; Direcci\u00f3n de Asistencia T\u00e9cnica Legislativa, Maralieny Coli Garc\u00eda; Direcci\u00f3n de Registro Legislativo y Publicaciones Oficiales, Felipe Z\u00fa\u00f1iga Gonz\u00e1lez;<br>Direcci\u00f3n de Recursos Humanos, Martha del Carmen Ortiz Mota;  Direcci\u00f3n de Recursos Materiales y Servicios Generales, Ana Patricia Gonz\u00e1lez Bautista; Direcci\u00f3n de Tesorer\u00eda, Iveth Mart\u00ednez Hern\u00e1ndez; Direcci\u00f3n de Servicios Jur\u00eddicos, Sebasti\u00e1n Clemente Morales; Direcci\u00f3n de Auditor\u00eda y Revisi\u00f3n Financiera, Aurelio Rivera Galindo; Direcci\u00f3n de Normatividad, Control y Seguimiento, Juan Carlos Pati\u00f1o P\u00e9rez (encargado); Coordinaci\u00f3n de Comunicaci\u00f3n Social, Esa\u00fa Valencia Heredia; Coordinaci\u00f3n de Investigaciones Legislativas, Claudia Bertha Ruiz Rosas; Coordinaci\u00f3n de Inform\u00e1tica, Jos\u00e9 Cruz Ruiz Mir\u00f3n; Oficina de Seguridad, Antonio Gerardo Monta\u00f1o Baizabal (encargado).<\/p>\n\n\n\n<figure class=\"wp-block-image size-large\"><img loading=\"lazy\" decoding=\"async\" width=\"1024\" height=\"682\" src=\"https:\/\/encuentroinformativo.com.mx\/wp-content\/uploads\/2024\/11\/1000422641-1024x682.jpg\" alt=\"\" class=\"wp-image-60691\" srcset=\"https:\/\/encuentroinformativo.com.mx\/wp-content\/uploads\/2024\/11\/1000422641-1024x682.jpg 1024w, https:\/\/encuentroinformativo.com.mx\/wp-content\/uploads\/2024\/11\/1000422641-300x200.jpg 300w, https:\/\/encuentroinformativo.com.mx\/wp-content\/uploads\/2024\/11\/1000422641-768x512.jpg 768w, https:\/\/encuentroinformativo.com.mx\/wp-content\/uploads\/2024\/11\/1000422641-1536x1023.jpg 1536w, https:\/\/encuentroinformativo.com.mx\/wp-content\/uploads\/2024\/11\/1000422641.jpg 1600w\" sizes=\"auto, (max-width: 1024px) 100vw, 1024px\" \/><\/figure>\n","protected":false},"excerpt":{"rendered":"<p>* Entrega el presidente de la Junta de Coordinaci\u00f3n Pol\u00edtica, diputado Esteban Bautista Hern\u00e1ndez, los nombramientos a 17 servidoras y servidores p\u00fablicos. Xalapa, Ver.- En apego a lo dispuesto en la fracci\u00f3n I del Art\u00edculo 45 del Reglamento para el Gobierno Interior del Poder Legislativo, la Presidencia de la Junta de Coordinaci\u00f3n Pol\u00edtica (Jucopo), a [&hellip;]<\/p>\n","protected":false},"author":2476,"featured_media":60690,"comment_status":"open","ping_status":"open","sticky":false,"template":"","format":"standard","meta":{"_jetpack_memberships_contains_paid_content":false,"footnotes":""},"categories":[2],"tags":[],"class_list":["post-60689","post","type-post","status-publish","format-standard","has-post-thumbnail","hentry","category-estado"],"jetpack_featured_media_url":"https:\/\/encuentroinformativo.com.mx\/wp-content\/uploads\/2024\/11\/IMG-20241113-WA00492.jpg","jetpack_sharing_enabled":true,"jetpack_likes_enabled":true,"amp_enabled":true,"_links":{"self":[{"href":"https:\/\/encuentroinformativo.com.mx\/index.php?rest_route=\/wp\/v2\/posts\/60689","targetHints":{"allow":["GET"]}}],"collection":[{"href":"https:\/\/encuentroinformativo.com.mx\/index.php?rest_route=\/wp\/v2\/posts"}],"about":[{"href":"https:\/\/encuentroinformativo.com.mx\/index.php?rest_route=\/wp\/v2\/types\/post"}],"author":[{"embeddable":true,"href":"https:\/\/encuentroinformativo.com.mx\/index.php?rest_route=\/wp\/v2\/users\/2476"}],"replies":[{"embeddable":true,"href":"https:\/\/encuentroinformativo.com.mx\/index.php?rest_route=%2Fwp%2Fv2%2Fcomments&post=60689"}],"version-history":[{"count":2,"href":"https:\/\/encuentroinformativo.com.mx\/index.php?rest_route=\/wp\/v2\/posts\/60689\/revisions"}],"predecessor-version":[{"id":60693,"href":"https:\/\/encuentroinformativo.com.mx\/index.php?rest_route=\/wp\/v2\/posts\/60689\/revisions\/60693"}],"wp:featuredmedia":[{"embeddable":true,"href":"https:\/\/encuentroinformativo.com.mx\/index.php?rest_route=\/wp\/v2\/media\/60690"}],"wp:attachment":[{"href":"https:\/\/encuentroinformativo.com.mx\/index.php?rest_route=%2Fwp%2Fv2%2Fmedia&parent=60689"}],"wp:term":[{"taxonomy":"category","embeddable":true,"href":"https:\/\/encuentroinformativo.com.mx\/index.php?rest_route=%2Fwp%2Fv2%2Fcategories&post=60689"},{"taxonomy":"post_tag","embeddable":true,"href":"https:\/\/encuentroinformativo.com.mx\/index.php?rest_route=%2Fwp%2Fv2%2Ftags&post=60689"}],"curies":[{"name":"wp","href":"https:\/\/api.w.org\/{rel}","templated":true}]}}