{"id":60714,"date":"2024-11-14T11:34:22","date_gmt":"2024-11-14T17:34:22","guid":{"rendered":"https:\/\/encuentroinformativo.com.mx\/?p=60714"},"modified":"2024-11-14T11:34:28","modified_gmt":"2024-11-14T17:34:28","slug":"a-dos-anos-aseguradora-se-niega-a-pagar-a-familiares-de-victima","status":"publish","type":"post","link":"https:\/\/encuentroinformativo.com.mx\/?p=60714","title":{"rendered":"A dos a\u00f1os, aseguradora se niega a pagar a familiares de v\u00edctima"},"content":{"rendered":"\n<p><strong>Dar\u00edo Pale<\/strong><\/p>\n\n\n\n<p>Xalapa, Ver.- Por la muerte de Jes\u00fas Cabrera Nava, quien falleci\u00f3 la noche del 28 de septiembre de 2022 en un accidente ocurrido en la autopista Tuxpan \u2013 Totomoxtle, a la altura del municipio de Tihuatl\u00e1n, en el norte del estado de Veracruz, la aseguradora Qu\u00e1litas se niega a pagar la indemnizaci\u00f3n.<\/p>\n\n\n\n<p>Esto fue dado a conocer por Iliana Gonz\u00e1lez, representante legal de Miriam Ang\u00e9lica Cervantes Gonz\u00e1lez, viuda de Jes\u00fas quien era originario de Poza Rica, por lo que la esposa contin\u00faa con el reclamo del pago del seguro.<\/p>\n\n\n\n<p>&#8220;Ella qued\u00f3 viuda, estaba embarazada de siete meses y ahora el peque\u00f1o ya tiene casi dos a\u00f1os de edad, es lo que se reclama y las autoridades tomen cartas en el asunto y notifiquen personalmente en Guatemala al responsable para que se lleve a cabo la audiencia y los pagos correspondientes\u201d, se\u00f1al\u00f3.<\/p>\n\n\n\n<p>Cabe recordar que el accidente ocurri\u00f3 con una unidad nodriza de carros que transportaba veh\u00edculos procedentes de Estados Unidos de Norteam\u00e9rica y que era conducida por Guillermo Daniel, originario de Guatemala.<\/p>\n\n\n\n<p>La pesada unidad choc\u00f3 contra un veh\u00edculo Platina color guinda con placas de circulaci\u00f3n de Nuevo Le\u00f3n y que era conducido por Jes\u00fas Cabrera Nava de 32 a\u00f1os, hechos ocurridos el d\u00eda mi\u00e9rcoles 28 de septiembre de 2022.<\/p>\n\n\n\n<p>\u201cEsta unidad tipo madrina, tiene una p\u00f3liza de seguro contratada con la aseguradora Qu\u00e1litas, puesto que a este tipo de veh\u00edculos para poder cruzar por la Rep\u00fablica Mexicana hacia Guatemala les imponen la obligaci\u00f3n de contratar una p\u00f3liza y asegurar su paso por el pa\u00eds, y as\u00ed lo hizo y la unidad est\u00e1 con una cobertura por parte de este seguro\u201d, explic\u00f3 la representante legal.<\/p>\n\n\n\n<p>Tambi\u00e9n coment\u00f3 que despu\u00e9s del incidente, el conductor de la nodriza de carros se dio a la fuga y que utiliz\u00f3 uno de los veh\u00edculos que viajaban en caravana, pues estos acompa\u00f1aban a las otras unidades para la distribuci\u00f3n de autos hacia Centroam\u00e9rica.<\/p>\n\n\n\n<p>D\u00edas despu\u00e9s, el conductor se\u00f1alado del accidente \u201creapareci\u00f3\u201d pero mediante un apoderado legal para el reclamo de los veh\u00edculos de lujo, esto por la carpeta de investigaci\u00f3n que se abri\u00f3 en la Fiscal\u00eda Regional de Tihuatl\u00e1n.<\/p>\n\n\n\n<p>Dio a conocer que se contin\u00faa con el proceso penal para que la aseguradora Qu\u00e1litas y el conductor de la nodriza originario de Guatemala se hagan responsables del accidente que dej\u00f3 una v\u00edctima mortal.<\/p>\n\n\n\n<p>&#8220;Pero como el chofer vive en Guatemala se hace un poco dif\u00edcil la notificaci\u00f3n personal para que comparezca a la audiencia de materia penal y Qu\u00e1litas se niega a pagar porque en primera instancia sali\u00f3 un dictamen que daba la responsabilidad a mi cliente Jes\u00fas Cabrera Nava quien conduc\u00eda el auto Platina\u201d, coment\u00f3.<\/p>\n\n\n\n<p>La abogada estima que se trat\u00f3 de un peritaje arreglado, \u201cesa noche nadie estuvo en los hechos m\u00e1s que los compa\u00f1eros de viaje de esta persona Guillermo Daniel\u201d.\u00a0<\/p>\n\n\n\n<p>Por \u00faltimo tambi\u00e9n refiere que hay una nueva valoraci\u00f3n realizada por Servicios Periciales de la ciudad de Xalapa, Veracruz que determin\u00f3 que es procedente la indemnizaci\u00f3n por muerte a la que tiene derecho la se\u00f1ora Miriam Ang\u00e9lica Cervantes Gonz\u00e1lez.<\/p>\n","protected":false},"excerpt":{"rendered":"<p>Dar\u00edo Pale Xalapa, Ver.- Por la muerte de Jes\u00fas Cabrera Nava, quien falleci\u00f3 la noche del 28 de septiembre de 2022 en un accidente ocurrido en la autopista Tuxpan \u2013 Totomoxtle, a la altura del municipio de Tihuatl\u00e1n, en el norte del estado de Veracruz, la aseguradora Qu\u00e1litas se niega a pagar la indemnizaci\u00f3n. Esto [&hellip;]<\/p>\n","protected":false},"author":2476,"featured_media":60715,"comment_status":"open","ping_status":"open","sticky":false,"template":"","format":"standard","meta":{"_jetpack_memberships_contains_paid_content":false,"footnotes":""},"categories":[2],"tags":[],"class_list":["post-60714","post","type-post","status-publish","format-standard","has-post-thumbnail","hentry","category-estado"],"jetpack_featured_media_url":"https:\/\/encuentroinformativo.com.mx\/wp-content\/uploads\/2024\/11\/IMG-20241114-WA0013.jpg","jetpack_sharing_enabled":true,"jetpack_likes_enabled":true,"amp_enabled":true,"_links":{"self":[{"href":"https:\/\/encuentroinformativo.com.mx\/index.php?rest_route=\/wp\/v2\/posts\/60714","targetHints":{"allow":["GET"]}}],"collection":[{"href":"https:\/\/encuentroinformativo.com.mx\/index.php?rest_route=\/wp\/v2\/posts"}],"about":[{"href":"https:\/\/encuentroinformativo.com.mx\/index.php?rest_route=\/wp\/v2\/types\/post"}],"author":[{"embeddable":true,"href":"https:\/\/encuentroinformativo.com.mx\/index.php?rest_route=\/wp\/v2\/users\/2476"}],"replies":[{"embeddable":true,"href":"https:\/\/encuentroinformativo.com.mx\/index.php?rest_route=%2Fwp%2Fv2%2Fcomments&post=60714"}],"version-history":[{"count":1,"href":"https:\/\/encuentroinformativo.com.mx\/index.php?rest_route=\/wp\/v2\/posts\/60714\/revisions"}],"predecessor-version":[{"id":60716,"href":"https:\/\/encuentroinformativo.com.mx\/index.php?rest_route=\/wp\/v2\/posts\/60714\/revisions\/60716"}],"wp:featuredmedia":[{"embeddable":true,"href":"https:\/\/encuentroinformativo.com.mx\/index.php?rest_route=\/wp\/v2\/media\/60715"}],"wp:attachment":[{"href":"https:\/\/encuentroinformativo.com.mx\/index.php?rest_route=%2Fwp%2Fv2%2Fmedia&parent=60714"}],"wp:term":[{"taxonomy":"category","embeddable":true,"href":"https:\/\/encuentroinformativo.com.mx\/index.php?rest_route=%2Fwp%2Fv2%2Fcategories&post=60714"},{"taxonomy":"post_tag","embeddable":true,"href":"https:\/\/encuentroinformativo.com.mx\/index.php?rest_route=%2Fwp%2Fv2%2Ftags&post=60714"}],"curies":[{"name":"wp","href":"https:\/\/api.w.org\/{rel}","templated":true}]}}