{"id":60728,"date":"2024-11-14T14:02:01","date_gmt":"2024-11-14T20:02:01","guid":{"rendered":"https:\/\/encuentroinformativo.com.mx\/?p=60728"},"modified":"2024-11-14T14:02:06","modified_gmt":"2024-11-14T20:02:06","slug":"inician-colecta-de-juguetes-para-la-campana-comparte-alegria","status":"publish","type":"post","link":"https:\/\/encuentroinformativo.com.mx\/?p=60728","title":{"rendered":"Inician colecta de juguetes para la campa\u00f1a &#8220;Comparte Alegr\u00eda&#8221;"},"content":{"rendered":"\n<p><strong>Dar\u00edo Pale<\/strong><\/p>\n\n\n\n<p>Xalapa, Ver.- Jorge Francisco Mart\u00ednez Lopez presidente de la organizaci\u00f3n \u201cLiderazgo Constitucional\u201d, A.C., dio a conocer que invitan a la ciudadan\u00eda en general a participar en la s\u00e9ptima edici\u00f3n de la colecta de juguetes para ni\u00f1os de escasos recursos de Xalapa y municipios aleda\u00f1os \u201cComparte Alegr\u00eda 2025\u201d, esto con motivo del D\u00eda de Reyes.\u00a0<\/p>\n\n\n\n<p>En conferencia de prensa se\u00f1al\u00f3 que, \u201ces una colecta de juguetes que tiene como finalidad poder brindar esta alegr\u00eda, esta emoci\u00f3n que nos daba a nosotros cuando \u00e9ramos ni\u00f1os, el poder recibir un juguete con motivo del D\u00eda de Reyes. En distintas colonias, congregaciones de nuestra ciudad capital y algunos municipios aleda\u00f1os, como lo viene siendo Emiliano Zapata, Actopan, Naolinco, entre otros\u201d.<\/p>\n\n\n\n<p>Se\u00f1al\u00f3 que en esta s\u00e9ptima edici\u00f3n destac\u00f3 que la meta de este a\u00f1o es de 3 mil juguetes, para poderlos distribuir en los diferentes puntos que ya tienen ubicados. Siendo que el a\u00f1o pasado recolectaron 2 mil 500.\u00a0\u00a0<\/p>\n\n\n\n<p>El presidente de Xante, Turismo, Cultura y Sociedad, Ulises G\u00f3mez, refiri\u00f3 que trabajar\u00e1n en conjunto con la organizaci\u00f3n aportando roscas de reyes para llevar a las colonias a las que se repartan juguetes.\u00a0\u00a0<\/p>\n\n\n\n<p>Los centros de acopio para donar los juguetes estar\u00e1n ubicados en la Facultad de Derecho de la Universidad Veracruzana y en la calle Coyoac\u00e1n 78 de la colonia Los Laureles.<\/p>\n\n\n\n<p>Por otro lado, Mart\u00ednez L\u00f3pez apunt\u00f3 que la organizaci\u00f3n busca fomentar la participaci\u00f3n juvenil en temas de inter\u00e9s p\u00fablico, as\u00ed como en el desarrollo social de la juventud, de la ciudad capital y el Estado de Veracruz. La cual naci\u00f3 en el 2018 y actualmente cuenta con 100 integrantes, entre estudiantes, egresados de diversas carreras y j\u00f3venes l\u00edderes.<\/p>\n","protected":false},"excerpt":{"rendered":"<p>Dar\u00edo Pale Xalapa, Ver.- Jorge Francisco Mart\u00ednez Lopez presidente de la organizaci\u00f3n \u201cLiderazgo Constitucional\u201d, A.C., dio a conocer que invitan a la ciudadan\u00eda en general a participar en la s\u00e9ptima edici\u00f3n de la colecta de juguetes para ni\u00f1os de escasos recursos de Xalapa y municipios aleda\u00f1os \u201cComparte Alegr\u00eda 2025\u201d, esto con motivo del D\u00eda de [&hellip;]<\/p>\n","protected":false},"author":2476,"featured_media":60729,"comment_status":"open","ping_status":"open","sticky":false,"template":"","format":"standard","meta":{"_jetpack_memberships_contains_paid_content":false,"footnotes":""},"categories":[3],"tags":[],"class_list":["post-60728","post","type-post","status-publish","format-standard","has-post-thumbnail","hentry","category-xalapa"],"jetpack_featured_media_url":"https:\/\/encuentroinformativo.com.mx\/wp-content\/uploads\/2024\/11\/IMG-20241114-WA0034.jpg","jetpack_sharing_enabled":true,"jetpack_likes_enabled":true,"amp_enabled":true,"_links":{"self":[{"href":"https:\/\/encuentroinformativo.com.mx\/index.php?rest_route=\/wp\/v2\/posts\/60728","targetHints":{"allow":["GET"]}}],"collection":[{"href":"https:\/\/encuentroinformativo.com.mx\/index.php?rest_route=\/wp\/v2\/posts"}],"about":[{"href":"https:\/\/encuentroinformativo.com.mx\/index.php?rest_route=\/wp\/v2\/types\/post"}],"author":[{"embeddable":true,"href":"https:\/\/encuentroinformativo.com.mx\/index.php?rest_route=\/wp\/v2\/users\/2476"}],"replies":[{"embeddable":true,"href":"https:\/\/encuentroinformativo.com.mx\/index.php?rest_route=%2Fwp%2Fv2%2Fcomments&post=60728"}],"version-history":[{"count":1,"href":"https:\/\/encuentroinformativo.com.mx\/index.php?rest_route=\/wp\/v2\/posts\/60728\/revisions"}],"predecessor-version":[{"id":60730,"href":"https:\/\/encuentroinformativo.com.mx\/index.php?rest_route=\/wp\/v2\/posts\/60728\/revisions\/60730"}],"wp:featuredmedia":[{"embeddable":true,"href":"https:\/\/encuentroinformativo.com.mx\/index.php?rest_route=\/wp\/v2\/media\/60729"}],"wp:attachment":[{"href":"https:\/\/encuentroinformativo.com.mx\/index.php?rest_route=%2Fwp%2Fv2%2Fmedia&parent=60728"}],"wp:term":[{"taxonomy":"category","embeddable":true,"href":"https:\/\/encuentroinformativo.com.mx\/index.php?rest_route=%2Fwp%2Fv2%2Fcategories&post=60728"},{"taxonomy":"post_tag","embeddable":true,"href":"https:\/\/encuentroinformativo.com.mx\/index.php?rest_route=%2Fwp%2Fv2%2Ftags&post=60728"}],"curies":[{"name":"wp","href":"https:\/\/api.w.org\/{rel}","templated":true}]}}