{"id":60745,"date":"2024-11-14T19:02:18","date_gmt":"2024-11-15T01:02:18","guid":{"rendered":"https:\/\/encuentroinformativo.com.mx\/?p=60745"},"modified":"2024-11-14T19:02:23","modified_gmt":"2024-11-15T01:02:23","slug":"propone-diputada-crear-el-programa-veracruzano-para-la-atencion-y-cuidado-infantil","status":"publish","type":"post","link":"https:\/\/encuentroinformativo.com.mx\/?p=60745","title":{"rendered":"Propone diputada crear el Programa Veracruzano para la Atenci\u00f3n y Cuidado Infantil"},"content":{"rendered":"\n<p><strong>* Indispensable dar espacios dignos de cuidado y atenci\u00f3n infantil a madres y padres trabajadores que no cuenten con seguridad social, afirma Indira de Jes\u00fas Rosales.<\/strong><\/p>\n\n\n\n<p>Xalapa, Ver.- La diputada Indira de Jes\u00fas Rosales San Rom\u00e1n present\u00f3 ante el Pleno de la LXVII Legislatura una iniciativa con proyecto de Ley para la creaci\u00f3n del Programa Veracruzano para la Atenci\u00f3n y Cuidado Infantil que tiene como objeto dotar de esquemas de seguridad social a madres, padres o tutores solos que estudien, trabajen o busquen empleo, para acceder a servicios de cuidado y atenci\u00f3n infantil.<\/p>\n\n\n\n<p>El proyecto de ley est\u00e1 enfocado en el cuidado y atenci\u00f3n prioritaria y segura a menores de un a\u00f1o y hasta un d\u00eda antes de cumplir los cuatro a\u00f1os, o entre un a\u00f1o y hasta cinco a\u00f1os con once meses de edad, en casos de ni\u00f1as o ni\u00f1os con alguna discapacidad, a trav\u00e9s de lugares seguros donde permanezcan mientras sus padres o tutores se encuentren ausentes por cuestiones laborales o de estudio.<\/p>\n\n\n\n<p>Adem\u00e1s, busca proteger el bienestar socioecon\u00f3mico de la poblaci\u00f3n en situaci\u00f3n de vulnerabilidad, mediante el mejoramiento de las condiciones de acceso y permanencia en el mercado laboral de los padres o tutores, cuyo ingreso no rebase las l\u00edneas de bienestar establecidas por el Consejo Nacional de Evaluaci\u00f3n de la Pol\u00edtica de Desarrollo Social (Coneval) y carezcan de servicios de cuidado y atenci\u00f3n infantil en instituciones p\u00fablicas de seguridad social.<\/p>\n\n\n\n<p>De acuerdo con la iniciativa, para dar la atenci\u00f3n referida se prev\u00e9 que el Sistema para el Desarrollo Integral de la Familia (DIF) del Estado de Veracruz otorgue un subsidio en dos modalidades; la primera, dirigida a madres trabajadoras y padres solos, cuyo ingreso per c\u00e1pita estimado por hogar no rebase la l\u00ednea de bienestar y no tenga acceso a servicios de cuidado y atenci\u00f3n infantil a trav\u00e9s de instituciones p\u00fablicas.<\/p>\n\n\n\n<p>La segunda, en apoyo a los servicios de cuidado y atenci\u00f3n infantil enfocado en las personas f\u00edsicas que deseen establecer y operar un centro de atenci\u00f3n infantil o que cuenten con espacios en los que se brinde o pretenda brindar el servicio, que est\u00e9n incorporadas al Programa y atiendan el cumplimiento de los criterios establecidos en la Ley propuesta.<\/p>\n\n\n\n<p>El proyecto de Ley est\u00e1 compuesto de 109 art\u00edculos y puede consultarse en la Gaceta Legislativa n\u00famero 4, en la p\u00e1gina www.legisver.gob.mx.<\/p>\n\n\n\n<p>A la Iniciativa se adhiri\u00f3 el Grupo Legislativo del Partido del Trabajo (PT) y fue turnada a la Comisi\u00f3n Permanentes Unidas de Derechos Humanos y Atenci\u00f3n a Grupos Vulnerables y de Derechos de la Ni\u00f1ez, la Adolescencia y la Familia, para su estudio y dictamen.<\/p>\n\n\n\n<h1 class=\"wp-block-heading\"><\/h1>\n","protected":false},"excerpt":{"rendered":"<p>* Indispensable dar espacios dignos de cuidado y atenci\u00f3n infantil a madres y padres trabajadores que no cuenten con seguridad social, afirma Indira de Jes\u00fas Rosales. Xalapa, Ver.- La diputada Indira de Jes\u00fas Rosales San Rom\u00e1n present\u00f3 ante el Pleno de la LXVII Legislatura una iniciativa con proyecto de Ley para la creaci\u00f3n del Programa [&hellip;]<\/p>\n","protected":false},"author":2476,"featured_media":60747,"comment_status":"open","ping_status":"open","sticky":false,"template":"","format":"standard","meta":{"_jetpack_memberships_contains_paid_content":false,"footnotes":""},"categories":[2],"tags":[],"class_list":["post-60745","post","type-post","status-publish","format-standard","has-post-thumbnail","hentry","category-estado"],"jetpack_featured_media_url":"https:\/\/encuentroinformativo.com.mx\/wp-content\/uploads\/2024\/11\/IMG-20241114-WA0088.jpg","jetpack_sharing_enabled":true,"jetpack_likes_enabled":true,"amp_enabled":true,"_links":{"self":[{"href":"https:\/\/encuentroinformativo.com.mx\/index.php?rest_route=\/wp\/v2\/posts\/60745","targetHints":{"allow":["GET"]}}],"collection":[{"href":"https:\/\/encuentroinformativo.com.mx\/index.php?rest_route=\/wp\/v2\/posts"}],"about":[{"href":"https:\/\/encuentroinformativo.com.mx\/index.php?rest_route=\/wp\/v2\/types\/post"}],"author":[{"embeddable":true,"href":"https:\/\/encuentroinformativo.com.mx\/index.php?rest_route=\/wp\/v2\/users\/2476"}],"replies":[{"embeddable":true,"href":"https:\/\/encuentroinformativo.com.mx\/index.php?rest_route=%2Fwp%2Fv2%2Fcomments&post=60745"}],"version-history":[{"count":1,"href":"https:\/\/encuentroinformativo.com.mx\/index.php?rest_route=\/wp\/v2\/posts\/60745\/revisions"}],"predecessor-version":[{"id":60746,"href":"https:\/\/encuentroinformativo.com.mx\/index.php?rest_route=\/wp\/v2\/posts\/60745\/revisions\/60746"}],"wp:featuredmedia":[{"embeddable":true,"href":"https:\/\/encuentroinformativo.com.mx\/index.php?rest_route=\/wp\/v2\/media\/60747"}],"wp:attachment":[{"href":"https:\/\/encuentroinformativo.com.mx\/index.php?rest_route=%2Fwp%2Fv2%2Fmedia&parent=60745"}],"wp:term":[{"taxonomy":"category","embeddable":true,"href":"https:\/\/encuentroinformativo.com.mx\/index.php?rest_route=%2Fwp%2Fv2%2Fcategories&post=60745"},{"taxonomy":"post_tag","embeddable":true,"href":"https:\/\/encuentroinformativo.com.mx\/index.php?rest_route=%2Fwp%2Fv2%2Ftags&post=60745"}],"curies":[{"name":"wp","href":"https:\/\/api.w.org\/{rel}","templated":true}]}}