{"id":60757,"date":"2024-11-14T19:16:39","date_gmt":"2024-11-15T01:16:39","guid":{"rendered":"https:\/\/encuentroinformativo.com.mx\/?p=60757"},"modified":"2024-11-14T19:16:46","modified_gmt":"2024-11-15T01:16:46","slug":"designa-congreso-a-lucero-alegria-juarez-como-contralora-de-la-fge","status":"publish","type":"post","link":"https:\/\/encuentroinformativo.com.mx\/?p=60757","title":{"rendered":"Designa Congreso a Lucero Alegr\u00eda Ju\u00e1rez como Contralora de la FGE"},"content":{"rendered":"\n<p><strong>* Recibe 47 votos a favor de diputadas y diputados de la LXVII Legislatura.<\/strong><\/p>\n\n\n\n<p>Xalapa, Ver.- Con 47 votos a favor, el Pleno de la LXVII Legislatura de Veracruz design\u00f3 a la ciudadana Lucero Alegr\u00eda Ju\u00e1rez como titular de la Contralor\u00eda General de la Fiscal\u00eda General del Estado para un periodo de cinco a\u00f1os.<\/p>\n\n\n\n<p>En la Tercera Sesi\u00f3n del Primer Periodo Ordinario, la Secretar\u00eda de la Mesa Directiva, a cargo del diputado Felipe Pineda Barradas, dio lectura a la terna propuesta por la Junta de Coordinaci\u00f3n Pol\u00edtica (Jucopo), que fue el resultado del an\u00e1lisis a lo presentado por la Comisi\u00f3n Especial encargada de dichos trabajos.<\/p>\n\n\n\n<p>El Diputado dio cuenta de las actividades implementadas por la Comisi\u00f3n Especial, integrada por las diputadas y diputado Diego Casta\u00f1eda Aburto, presidente; Estefan\u00eda Bastida Cuevas, secretaria, y Janeth Adanely Rodr\u00edguez Rodr\u00edguez, Luz Alicia Delf\u00edn Rodr\u00edguez, Ana Rosa Vald\u00e9s Salazar y Mar\u00eda Elena C\u00f3rdova Molina, vocales, en relaci\u00f3n con la emisi\u00f3n de la Convocatoria, recepci\u00f3n de propuestas y entrevista a las 17 personas aspirantes al cargo.<\/p>\n\n\n\n<p>Tras la resoluci\u00f3n del Pleno, la presidenta de la Mesa Directiva, diputada Tanya Carola Viveros Ch\u00e1zaro, le tom\u00f3 la protesta de ley a la ciudadana Lucero Alegr\u00eda y acto seguido instruy\u00f3 comunicar esta decisi\u00f3n a los ciudadanos Gobernador del Estado; Presidenta del H. Tribunal Superior de Justicia del Estado y Fiscal General del Estado, para su conocimiento y efectos legales a que haya lugar.<\/p>\n\n\n\n<figure class=\"wp-block-image size-large\"><img loading=\"lazy\" decoding=\"async\" width=\"1024\" height=\"682\" src=\"https:\/\/encuentroinformativo.com.mx\/wp-content\/uploads\/2024\/11\/1000423528-1024x682.jpg\" alt=\"\" class=\"wp-image-60759\" srcset=\"https:\/\/encuentroinformativo.com.mx\/wp-content\/uploads\/2024\/11\/1000423528-1024x682.jpg 1024w, https:\/\/encuentroinformativo.com.mx\/wp-content\/uploads\/2024\/11\/1000423528-300x200.jpg 300w, https:\/\/encuentroinformativo.com.mx\/wp-content\/uploads\/2024\/11\/1000423528-768x512.jpg 768w, https:\/\/encuentroinformativo.com.mx\/wp-content\/uploads\/2024\/11\/1000423528.jpg 1223w\" sizes=\"auto, (max-width: 1024px) 100vw, 1024px\" \/><\/figure>\n","protected":false},"excerpt":{"rendered":"<p>* Recibe 47 votos a favor de diputadas y diputados de la LXVII Legislatura. Xalapa, Ver.- Con 47 votos a favor, el Pleno de la LXVII Legislatura de Veracruz design\u00f3 a la ciudadana Lucero Alegr\u00eda Ju\u00e1rez como titular de la Contralor\u00eda General de la Fiscal\u00eda General del Estado para un periodo de cinco a\u00f1os. En [&hellip;]<\/p>\n","protected":false},"author":2476,"featured_media":60758,"comment_status":"open","ping_status":"open","sticky":false,"template":"","format":"standard","meta":{"_jetpack_memberships_contains_paid_content":false,"footnotes":""},"categories":[2],"tags":[],"class_list":["post-60757","post","type-post","status-publish","format-standard","has-post-thumbnail","hentry","category-estado"],"jetpack_featured_media_url":"https:\/\/encuentroinformativo.com.mx\/wp-content\/uploads\/2024\/11\/IMG-20241114-WA0107.jpg","jetpack_sharing_enabled":true,"jetpack_likes_enabled":true,"amp_enabled":true,"_links":{"self":[{"href":"https:\/\/encuentroinformativo.com.mx\/index.php?rest_route=\/wp\/v2\/posts\/60757","targetHints":{"allow":["GET"]}}],"collection":[{"href":"https:\/\/encuentroinformativo.com.mx\/index.php?rest_route=\/wp\/v2\/posts"}],"about":[{"href":"https:\/\/encuentroinformativo.com.mx\/index.php?rest_route=\/wp\/v2\/types\/post"}],"author":[{"embeddable":true,"href":"https:\/\/encuentroinformativo.com.mx\/index.php?rest_route=\/wp\/v2\/users\/2476"}],"replies":[{"embeddable":true,"href":"https:\/\/encuentroinformativo.com.mx\/index.php?rest_route=%2Fwp%2Fv2%2Fcomments&post=60757"}],"version-history":[{"count":1,"href":"https:\/\/encuentroinformativo.com.mx\/index.php?rest_route=\/wp\/v2\/posts\/60757\/revisions"}],"predecessor-version":[{"id":60760,"href":"https:\/\/encuentroinformativo.com.mx\/index.php?rest_route=\/wp\/v2\/posts\/60757\/revisions\/60760"}],"wp:featuredmedia":[{"embeddable":true,"href":"https:\/\/encuentroinformativo.com.mx\/index.php?rest_route=\/wp\/v2\/media\/60758"}],"wp:attachment":[{"href":"https:\/\/encuentroinformativo.com.mx\/index.php?rest_route=%2Fwp%2Fv2%2Fmedia&parent=60757"}],"wp:term":[{"taxonomy":"category","embeddable":true,"href":"https:\/\/encuentroinformativo.com.mx\/index.php?rest_route=%2Fwp%2Fv2%2Fcategories&post=60757"},{"taxonomy":"post_tag","embeddable":true,"href":"https:\/\/encuentroinformativo.com.mx\/index.php?rest_route=%2Fwp%2Fv2%2Ftags&post=60757"}],"curies":[{"name":"wp","href":"https:\/\/api.w.org\/{rel}","templated":true}]}}