{"id":60761,"date":"2024-11-14T19:22:12","date_gmt":"2024-11-15T01:22:12","guid":{"rendered":"https:\/\/encuentroinformativo.com.mx\/?p=60761"},"modified":"2024-11-14T19:22:18","modified_gmt":"2024-11-15T01:22:18","slug":"avala-congreso-relevo-en-presidencia-municipal-de-playa-vicente","status":"publish","type":"post","link":"https:\/\/encuentroinformativo.com.mx\/?p=60761","title":{"rendered":"Avala Congreso relevo en presidencia municipal de Playa Vicente"},"content":{"rendered":"\n<p><strong>* Garantiza pleno respeto a la autonom\u00eda municipal y a la Ley Org\u00e1nica del Municipio Libre.<\/strong><\/p>\n\n\n\n<p>Xalapa, Ver.- Ante la decisi\u00f3n del presidente municipal suplente de Playa Vicente, Jos\u00e9 Luis Mateos Silverio, de no ocupar el cargo por motivos de salud, el Pleno de la LXVII legislatura aval\u00f3 por unanimidad, el acuerdo de la Junta de Coordinaci\u00f3n Pol\u00edtica (Jucopo), para que el ciudadano, Elvis Mart\u00ednez Luis, Regidor Cuarto del Ayuntamiento, asuma dicha titularidad, previa protesta de ley ante el Cabildo.<\/p>\n\n\n\n<p>En consecuencia de esta designaci\u00f3n, fue llamado el ciudadano Jes\u00fas Prieto Manzano, Regidor Cuarto suplente, para ejercer las funciones propias del cargo hasta la conclusi\u00f3n del periodo de la actual administraci\u00f3n municipal.<\/p>\n\n\n\n<p>Dicha resoluci\u00f3n deriva de la autorizaci\u00f3n de licencia para separarse del cargo presentada por el presidente municipal propietario de Playa Vicente, concedida por la Diputaci\u00f3n Permanente de la LXVI Legislatura el pasado 24 de octubre.<\/p>\n\n\n\n<p>El acuerdo de la Jucopo, presidida por el diputado Esteban Bautista Hern\u00e1ndez, corresponde al art\u00edculo 25 de la Ley Org\u00e1nica del Municipio Libre, que prev\u00e9 que \u201csi debiere llamarse al suplente y faltare tambi\u00e9n \u00e9ste, el Congreso del Estado o la Diputaci\u00f3n Permanente designar\u00e1n, de entre los dem\u00e1s ediles, a quien deber\u00e1 ejercer el cargo temporalmente o para concluir el per\u00edodo constitucional\u201d.<\/p>\n\n\n\n<figure class=\"wp-block-image size-large\"><img loading=\"lazy\" decoding=\"async\" width=\"1024\" height=\"683\" src=\"https:\/\/encuentroinformativo.com.mx\/wp-content\/uploads\/2024\/11\/1000423482-1024x683.jpg\" alt=\"\" class=\"wp-image-60763\" srcset=\"https:\/\/encuentroinformativo.com.mx\/wp-content\/uploads\/2024\/11\/1000423482-1024x683.jpg 1024w, https:\/\/encuentroinformativo.com.mx\/wp-content\/uploads\/2024\/11\/1000423482-300x200.jpg 300w, https:\/\/encuentroinformativo.com.mx\/wp-content\/uploads\/2024\/11\/1000423482-768x512.jpg 768w, https:\/\/encuentroinformativo.com.mx\/wp-content\/uploads\/2024\/11\/1000423482.jpg 1280w\" sizes=\"auto, (max-width: 1024px) 100vw, 1024px\" \/><\/figure>\n\n\n\n<h1 class=\"wp-block-heading\"><\/h1>\n","protected":false},"excerpt":{"rendered":"<p>* Garantiza pleno respeto a la autonom\u00eda municipal y a la Ley Org\u00e1nica del Municipio Libre. Xalapa, Ver.- Ante la decisi\u00f3n del presidente municipal suplente de Playa Vicente, Jos\u00e9 Luis Mateos Silverio, de no ocupar el cargo por motivos de salud, el Pleno de la LXVII legislatura aval\u00f3 por unanimidad, el acuerdo de la Junta [&hellip;]<\/p>\n","protected":false},"author":2476,"featured_media":60762,"comment_status":"open","ping_status":"open","sticky":false,"template":"","format":"standard","meta":{"_jetpack_memberships_contains_paid_content":false,"footnotes":""},"categories":[2],"tags":[],"class_list":["post-60761","post","type-post","status-publish","format-standard","has-post-thumbnail","hentry","category-estado"],"jetpack_featured_media_url":"https:\/\/encuentroinformativo.com.mx\/wp-content\/uploads\/2024\/11\/IMG-20241114-WA0112.jpg","jetpack_sharing_enabled":true,"jetpack_likes_enabled":true,"amp_enabled":true,"_links":{"self":[{"href":"https:\/\/encuentroinformativo.com.mx\/index.php?rest_route=\/wp\/v2\/posts\/60761","targetHints":{"allow":["GET"]}}],"collection":[{"href":"https:\/\/encuentroinformativo.com.mx\/index.php?rest_route=\/wp\/v2\/posts"}],"about":[{"href":"https:\/\/encuentroinformativo.com.mx\/index.php?rest_route=\/wp\/v2\/types\/post"}],"author":[{"embeddable":true,"href":"https:\/\/encuentroinformativo.com.mx\/index.php?rest_route=\/wp\/v2\/users\/2476"}],"replies":[{"embeddable":true,"href":"https:\/\/encuentroinformativo.com.mx\/index.php?rest_route=%2Fwp%2Fv2%2Fcomments&post=60761"}],"version-history":[{"count":1,"href":"https:\/\/encuentroinformativo.com.mx\/index.php?rest_route=\/wp\/v2\/posts\/60761\/revisions"}],"predecessor-version":[{"id":60764,"href":"https:\/\/encuentroinformativo.com.mx\/index.php?rest_route=\/wp\/v2\/posts\/60761\/revisions\/60764"}],"wp:featuredmedia":[{"embeddable":true,"href":"https:\/\/encuentroinformativo.com.mx\/index.php?rest_route=\/wp\/v2\/media\/60762"}],"wp:attachment":[{"href":"https:\/\/encuentroinformativo.com.mx\/index.php?rest_route=%2Fwp%2Fv2%2Fmedia&parent=60761"}],"wp:term":[{"taxonomy":"category","embeddable":true,"href":"https:\/\/encuentroinformativo.com.mx\/index.php?rest_route=%2Fwp%2Fv2%2Fcategories&post=60761"},{"taxonomy":"post_tag","embeddable":true,"href":"https:\/\/encuentroinformativo.com.mx\/index.php?rest_route=%2Fwp%2Fv2%2Ftags&post=60761"}],"curies":[{"name":"wp","href":"https:\/\/api.w.org\/{rel}","templated":true}]}}