{"id":60772,"date":"2024-11-14T19:41:02","date_gmt":"2024-11-15T01:41:02","guid":{"rendered":"https:\/\/encuentroinformativo.com.mx\/?p=60772"},"modified":"2024-11-14T19:41:07","modified_gmt":"2024-11-15T01:41:07","slug":"aprobado-calendario-de-comparecencias-por-el-vi-informe-de-gobierno","status":"publish","type":"post","link":"https:\/\/encuentroinformativo.com.mx\/?p=60772","title":{"rendered":"Aprobado, calendario de comparecencias por el VI Informe de Gobierno"},"content":{"rendered":"\n<p><strong>* Iniciar\u00e1n el lunes 18 de noviembre y concluir\u00e1n el viernes 29 de noviembre, cuando acuda ante esta representaci\u00f3n popular el gobernador de Veracruz, Cuitl\u00e1huac Garc\u00eda Jim\u00e9nez.<\/strong><\/p>\n\n\n\n<p>Xalapa, Ver.- El Pleno de la LXVII Legislatura aprob\u00f3 el calendario de comparecencias de las y los titulares de las dependencias que integran el gabinete legal, con motivo de la glosa del Sexto Informe de Gobierno, que iniciar\u00e1n este lunes 18 de noviembre y concluir\u00e1n el viernes 29 del mismo mes.<\/p>\n\n\n\n<p>En la Tercera Sesi\u00f3n Ordinaria del Primer Per\u00edodo Ordinario, las diputadas y los diputados votaron a favor de la propuesta de la Junta de Coordinaci\u00f3n Pol\u00edtica, que integra dependencia, comisi\u00f3n respectiva, d\u00eda y hora de la realizaci\u00f3n de este ejercicio anual de rendici\u00f3n de cuentas.<\/p>\n\n\n\n<p>Corresponder\u00e1 a la Comisi\u00f3n de Gobernaci\u00f3n abrir este periodo recibiendo al titular de la Secretar\u00eda de Gobierno (Segob) el lunes 18 a las 10:00; el mismo d\u00eda, a las 17:00, la Comisi\u00f3n de Protecci\u00f3n Civil har\u00e1 lo propio con la Secretar\u00eda de Protecci\u00f3n Civil (PC).<\/p>\n\n\n\n<p>El martes 19, comparecer\u00e1n las secretar\u00edas de Finanzas y Planeaci\u00f3n (Sefiplan) y de Desarrollo Econ\u00f3mico y Portuario (Sedecop) ante las comisiones de Hacienda del Estado y de Corredor Interoce\u00e1nico, Zonas Portuarias, Mejora Regulatoria y Desarrollo Econ\u00f3mico, respectivamente, a las 10:00 y a las 17:00 horas.<\/p>\n\n\n\n<p>Los titulares de las secretar\u00edas de Seguridad P\u00fablica (SSP) y de Medio Ambiente (Sedema) acudir\u00e1n, en el mismo horario, ante las comisiones permanentes de Seguridad P\u00fablica y de Medio Ambiente, Recursos Naturales y Cambio Clim\u00e1tico, el mi\u00e9rcoles 20. Al d\u00eda siguiente, la Comisi\u00f3n de Bienestar y Desarrollo Social atender\u00e1 a la Secretar\u00eda de Desarrollo Social (Sedesol), a las 17:00.<\/p>\n\n\n\n<p>Cerrar\u00e1n la semana las comisiones de Educaci\u00f3n y Cultura y de Trabajo y Previsi\u00f3n Social, con las comparecencias de las secretar\u00edas de Educaci\u00f3n de Veracruz (SEV) y de Trabajo, Previsi\u00f3n Social y Productividad (STPSP), a las 10:00 y a las 17:00 horas del viernes 22, respectivamente.<\/p>\n\n\n\n<p>Los trabajos continuar\u00e1n el lunes 25 cuando el titular de la Secretar\u00eda de Infraestructura y Obras P\u00fablicas (SIOP) asista ante la Comisi\u00f3n de Comunicaciones a las 10:00, y a las 17:00, la Secretar\u00eda de Turismo (Sectur) cumpla con esta responsabilidad ante la comisi\u00f3n del ramo.<\/p>\n\n\n\n<p>El martes 26, el titular de la Secretar\u00eda de Desarrollo Agropecuario, Rural y Pesca (Sedarpa) ser\u00e1 recibido por la Comisi\u00f3n Permanente de Desarrollo Agropecuario, Rural y Forestal y la Contralor\u00eda General del Estado (CGE), por la Comisi\u00f3n Permanente de Hacienda del Estado, en horario similar.<\/p>\n\n\n\n<p>Corresponde a las comisiones de Salud y Asistencia y de Gobernaci\u00f3n conducir estos trabajos cuando los titulares de la Secretar\u00eda de Salud (SS) y la Coordinaci\u00f3n General de Comunicaci\u00f3n Social (CGCS) expongan los resultados de su labor durante el \u00faltimo a\u00f1o, el mi\u00e9rcoles 27 a las 10:00 y a las 17:00 horas.<\/p>\n\n\n\n<p>El titular de la Secretar\u00eda de Cultura (Secver) ser\u00e1 la \u00faltima dependencia estatal en presentarse ante este Congreso, el jueves 28 a las 17:00 horas, con la recepci\u00f3n de las comisiones permanentes de Educaci\u00f3n y Cultura.<\/p>\n\n\n\n<p>Las comparecencias de las y los titulares de las dependencias se llevar\u00e1n a cabo en el auditorio Sebasti\u00e1n Lerdo de Tejada del Palacio Legislativo.<\/p>\n\n\n\n<p>Por \u00faltimo, el gobernador de Veracruz, Cuitl\u00e1huac Garc\u00eda Jim\u00e9nez, titular del Ejecutivo estatal, comparecer\u00e1 ante el Pleno de la LXVII Legislatura el viernes 29 a las 11:00 horas en el Recinto Oficial de Sesiones.<\/p>\n\n\n\n<p>En este caso y de acuerdo con el formato aprobado por el Pleno, el mandatario pronunciar\u00e1 un mensaje inicial que no exceder\u00e1 20 minutos. Posteriormente, en una sola ronda de preguntas en la que participar\u00e1 un diputado o una diputada por cada grupo legislativo, de mayor a menor representaci\u00f3n, y despu\u00e9s, las y los legisladores que no forman bancada.<\/p>\n\n\n\n<p>Cada pregunta deber\u00e1 formularse en un plazo no mayor a diez minutos. El Ejecutivo estatal dar\u00e1 respuesta en cada caso en un m\u00e1ximo de 15 minutos. Agotada la etapa de preguntas y respuestas, la presidenta de la Mesa Directiva har\u00e1 uso de la palabra hasta por diez minutos, para concluir el di\u00e1logo y la comparecencia.<\/p>\n","protected":false},"excerpt":{"rendered":"<p>* Iniciar\u00e1n el lunes 18 de noviembre y concluir\u00e1n el viernes 29 de noviembre, cuando acuda ante esta representaci\u00f3n popular el gobernador de Veracruz, Cuitl\u00e1huac Garc\u00eda Jim\u00e9nez. Xalapa, Ver.- El Pleno de la LXVII Legislatura aprob\u00f3 el calendario de comparecencias de las y los titulares de las dependencias que integran el gabinete legal, con motivo [&hellip;]<\/p>\n","protected":false},"author":2476,"featured_media":60773,"comment_status":"open","ping_status":"open","sticky":false,"template":"","format":"standard","meta":{"_jetpack_memberships_contains_paid_content":false,"footnotes":""},"categories":[2],"tags":[],"class_list":["post-60772","post","type-post","status-publish","format-standard","has-post-thumbnail","hentry","category-estado"],"jetpack_featured_media_url":"https:\/\/encuentroinformativo.com.mx\/wp-content\/uploads\/2024\/11\/IMG-20241114-WA0115.jpg","jetpack_sharing_enabled":true,"jetpack_likes_enabled":true,"amp_enabled":true,"_links":{"self":[{"href":"https:\/\/encuentroinformativo.com.mx\/index.php?rest_route=\/wp\/v2\/posts\/60772","targetHints":{"allow":["GET"]}}],"collection":[{"href":"https:\/\/encuentroinformativo.com.mx\/index.php?rest_route=\/wp\/v2\/posts"}],"about":[{"href":"https:\/\/encuentroinformativo.com.mx\/index.php?rest_route=\/wp\/v2\/types\/post"}],"author":[{"embeddable":true,"href":"https:\/\/encuentroinformativo.com.mx\/index.php?rest_route=\/wp\/v2\/users\/2476"}],"replies":[{"embeddable":true,"href":"https:\/\/encuentroinformativo.com.mx\/index.php?rest_route=%2Fwp%2Fv2%2Fcomments&post=60772"}],"version-history":[{"count":1,"href":"https:\/\/encuentroinformativo.com.mx\/index.php?rest_route=\/wp\/v2\/posts\/60772\/revisions"}],"predecessor-version":[{"id":60774,"href":"https:\/\/encuentroinformativo.com.mx\/index.php?rest_route=\/wp\/v2\/posts\/60772\/revisions\/60774"}],"wp:featuredmedia":[{"embeddable":true,"href":"https:\/\/encuentroinformativo.com.mx\/index.php?rest_route=\/wp\/v2\/media\/60773"}],"wp:attachment":[{"href":"https:\/\/encuentroinformativo.com.mx\/index.php?rest_route=%2Fwp%2Fv2%2Fmedia&parent=60772"}],"wp:term":[{"taxonomy":"category","embeddable":true,"href":"https:\/\/encuentroinformativo.com.mx\/index.php?rest_route=%2Fwp%2Fv2%2Fcategories&post=60772"},{"taxonomy":"post_tag","embeddable":true,"href":"https:\/\/encuentroinformativo.com.mx\/index.php?rest_route=%2Fwp%2Fv2%2Ftags&post=60772"}],"curies":[{"name":"wp","href":"https:\/\/api.w.org\/{rel}","templated":true}]}}