{"id":60775,"date":"2024-11-14T22:11:54","date_gmt":"2024-11-15T04:11:54","guid":{"rendered":"https:\/\/encuentroinformativo.com.mx\/?p=60775"},"modified":"2024-11-14T22:12:04","modified_gmt":"2024-11-15T04:12:04","slug":"instalan-comision-permanente-de-vigilancia","status":"publish","type":"post","link":"https:\/\/encuentroinformativo.com.mx\/?p=60775","title":{"rendered":"Instalan Comisi\u00f3n Permanente de Vigilancia"},"content":{"rendered":"\n<p><strong>* Iniciar\u00e1 trabajos respecto a la revisi\u00f3n y fiscalizaci\u00f3n de los recursos p\u00fablicos estatales y dem\u00e1s atribuciones conferidas por la Ley de Fiscalizaci\u00f3n Superior y Rendici\u00f3n de Cuentas de Veracruz.<\/strong><\/p>\n\n\n\n<p>Xalapa, Ver.- Tras la conclusi\u00f3n de los trabajos de la Tercera Sesi\u00f3n del Primer Periodo Ordinario del Primer A\u00f1o de Ejercicio Constitucional, y en cumplimiento con lo dispuesto en los art\u00edculos 38 y 39 de la Ley Org\u00e1nica y 45 del Reglamento para el Gobierno Interior, ambos del Poder Legislativo del Estado, se llev\u00f3 a cabo la instalaci\u00f3n de la Comisi\u00f3n Permanente de Vigilancia de la LXVII Legislatura, presidida por el diputado Miguel Guillermo Pintos Guill\u00e9n.<\/p>\n\n\n\n<p>La Comisi\u00f3n Permanente de Vigilancia qued\u00f3 integrada por las diputadas y diputados: Miguel Guillermo Pintos Guill\u00e9n, presidente; Alejandro Porras Mar\u00edn, secretario, y Bertha Rosal\u00eda Ahued Malpica, Paul Mart\u00ednez Marie, Jos\u00e9 Reveriano Mar\u00edn Hern\u00e1ndez, Liud Herrera F\u00e9lix, Daniel Cortina Mart\u00ednez, Luc\u00eda Bego\u00f1a Canales Barturen, Ram\u00f3n D\u00edaz \u00c1vila, Adri\u00e1n Sigfrido \u00c1vila Estrada, Estefan\u00eda Bastida Cuevas, Enrique Cambranis Torres, Ana Rosa Vald\u00e9s Salazar y Luz Alicia Delf\u00edn Rodr\u00edguez, en calidad de vocales.<\/p>\n\n\n\n<p>Con este acto protocolario, la instancia legislativa da inicio a los trabajos en cuanto a la revisi\u00f3n y fiscalizaci\u00f3n de los recursos p\u00fablicos estatales, y dem\u00e1s atribuciones conferidas por la Ley de Fiscalizaci\u00f3n Superior y Rendici\u00f3n de Cuentas para el Estado de Veracruz.<\/p>\n\n\n\n<p>De acuerdo al Art\u00edculo 44 del Reglamento para el Gobierno Interior del Poder Legislativo, a diferencia del resto de las Comisiones Permanentes, integradas por tres diputadas o diputados elegidos por el Pleno a propuesta de la Jucopo, la Comisi\u00f3n Permanente de Vigilancia se conforma mediante el sistema de representaci\u00f3n que tenga cada grupo legislativo cuyo n\u00famero lo determina la Jucopo, contando con la presencia de una presidencia, una secretar\u00eda y las vocal\u00edas necesarias.<\/p>\n","protected":false},"excerpt":{"rendered":"<p>* Iniciar\u00e1 trabajos respecto a la revisi\u00f3n y fiscalizaci\u00f3n de los recursos p\u00fablicos estatales y dem\u00e1s atribuciones conferidas por la Ley de Fiscalizaci\u00f3n Superior y Rendici\u00f3n de Cuentas de Veracruz. Xalapa, Ver.- Tras la conclusi\u00f3n de los trabajos de la Tercera Sesi\u00f3n del Primer Periodo Ordinario del Primer A\u00f1o de Ejercicio Constitucional, y en cumplimiento [&hellip;]<\/p>\n","protected":false},"author":2476,"featured_media":60776,"comment_status":"open","ping_status":"open","sticky":false,"template":"","format":"standard","meta":{"_jetpack_memberships_contains_paid_content":false,"footnotes":""},"categories":[2],"tags":[],"class_list":["post-60775","post","type-post","status-publish","format-standard","has-post-thumbnail","hentry","category-estado"],"jetpack_featured_media_url":"https:\/\/encuentroinformativo.com.mx\/wp-content\/uploads\/2024\/11\/IMG-20241114-WA01252.jpg","jetpack_sharing_enabled":true,"jetpack_likes_enabled":true,"amp_enabled":true,"_links":{"self":[{"href":"https:\/\/encuentroinformativo.com.mx\/index.php?rest_route=\/wp\/v2\/posts\/60775","targetHints":{"allow":["GET"]}}],"collection":[{"href":"https:\/\/encuentroinformativo.com.mx\/index.php?rest_route=\/wp\/v2\/posts"}],"about":[{"href":"https:\/\/encuentroinformativo.com.mx\/index.php?rest_route=\/wp\/v2\/types\/post"}],"author":[{"embeddable":true,"href":"https:\/\/encuentroinformativo.com.mx\/index.php?rest_route=\/wp\/v2\/users\/2476"}],"replies":[{"embeddable":true,"href":"https:\/\/encuentroinformativo.com.mx\/index.php?rest_route=%2Fwp%2Fv2%2Fcomments&post=60775"}],"version-history":[{"count":1,"href":"https:\/\/encuentroinformativo.com.mx\/index.php?rest_route=\/wp\/v2\/posts\/60775\/revisions"}],"predecessor-version":[{"id":60777,"href":"https:\/\/encuentroinformativo.com.mx\/index.php?rest_route=\/wp\/v2\/posts\/60775\/revisions\/60777"}],"wp:featuredmedia":[{"embeddable":true,"href":"https:\/\/encuentroinformativo.com.mx\/index.php?rest_route=\/wp\/v2\/media\/60776"}],"wp:attachment":[{"href":"https:\/\/encuentroinformativo.com.mx\/index.php?rest_route=%2Fwp%2Fv2%2Fmedia&parent=60775"}],"wp:term":[{"taxonomy":"category","embeddable":true,"href":"https:\/\/encuentroinformativo.com.mx\/index.php?rest_route=%2Fwp%2Fv2%2Fcategories&post=60775"},{"taxonomy":"post_tag","embeddable":true,"href":"https:\/\/encuentroinformativo.com.mx\/index.php?rest_route=%2Fwp%2Fv2%2Ftags&post=60775"}],"curies":[{"name":"wp","href":"https:\/\/api.w.org\/{rel}","templated":true}]}}