{"id":60789,"date":"2024-11-15T13:03:30","date_gmt":"2024-11-15T19:03:30","guid":{"rendered":"https:\/\/encuentroinformativo.com.mx\/?p=60789"},"modified":"2024-11-15T13:03:35","modified_gmt":"2024-11-15T19:03:35","slug":"vandalizan-estatua-de-marmol-de-1860-en-veracruz-puerto","status":"publish","type":"post","link":"https:\/\/encuentroinformativo.com.mx\/?p=60789","title":{"rendered":"Vandalizan estatua de m\u00e1rmol de 1860 en Veracruz puerto"},"content":{"rendered":"\n<p><strong>Alejandro \u00c1vila<\/strong><\/p>\n\n\n\n<p>Veracruz, Ver.- La alcaldesa de Veracruz, Patricia Lobeira Rodr\u00edguez, inform\u00f3 que la estatua ubicada a las afueras del Registro Civil de Veracruz denominada &#8220;La Caridad&#8221;, fue vandalizada y adem\u00e1s de que ser\u00e1 restaurada se inici\u00f3 con la investigaci\u00f3n del hecho delictivo.<\/p>\n\n\n\n<p>La edil panista detall\u00f3 que el monumento fue elaborado en 1860, y representa a una mujer con dos ni\u00f1os, uno que sostiene en brazos y otro de la mano, fue en este \u00faltimo que rompieron uno de los pies.<\/p>\n\n\n\n<p>Est\u00e1 estatua es hist\u00f3rica y fue elaborada de m\u00e1rmol; para su restauraci\u00f3n se contar\u00e1 con el apoyo del Instituto Nacional de Antropolog\u00eda e Historia.<\/p>\n\n\n\n<p>\u201cEstamos ya revisando y se le va dar todo el tratamiento necesario para que la estatua quede en \u00f3ptimas condiciones, recordarle a la ciudadan\u00eda y sobre todo a quienes hacen este tipo de actos vand\u00e1licos que es patrimonio de la ciudad, este tipo de estatua son patrimonio y hay que cuidarlos. Estamos en investigaciones, son actos de rebeld\u00eda\u201d, mencion\u00f3.<\/p>\n\n\n\n<p>Al ser de m\u00e1rmol, la reconstrucci\u00f3n ser\u00e1 m\u00e1s laboriosa, pero se realizar\u00e1 por los expertos del centro INAH-Veracruz.<\/p>\n\n\n\n<p>\u201cSi se puede, va a costar un poco m\u00e1s de trabajo porque la piedra absorbe un poco m\u00e1s la tinta pero vamos a trabajar para que quede bien. Estamos en investigaciones, son actos de rebeld\u00eda\u201d.<\/p>\n\n\n\n<p>La estatua de La Caridad, estuvo en donde ahora es el Museo de la Ciudad y sufri\u00f3 estragos durante el ataque de Estados Unidos en 1914.<\/p>\n\n\n\n<p>En el hombro izquierdo de la mujer, se observa la pieza con una marca posiblemente por un ca\u00f1onazo.<\/p>\n","protected":false},"excerpt":{"rendered":"<p>Alejandro \u00c1vila Veracruz, Ver.- La alcaldesa de Veracruz, Patricia Lobeira Rodr\u00edguez, inform\u00f3 que la estatua ubicada a las afueras del Registro Civil de Veracruz denominada &#8220;La Caridad&#8221;, fue vandalizada y adem\u00e1s de que ser\u00e1 restaurada se inici\u00f3 con la investigaci\u00f3n del hecho delictivo. La edil panista detall\u00f3 que el monumento fue elaborado en 1860, y [&hellip;]<\/p>\n","protected":false},"author":2476,"featured_media":60790,"comment_status":"open","ping_status":"open","sticky":false,"template":"","format":"standard","meta":{"_jetpack_memberships_contains_paid_content":false,"footnotes":""},"categories":[2],"tags":[],"class_list":["post-60789","post","type-post","status-publish","format-standard","has-post-thumbnail","hentry","category-estado"],"jetpack_featured_media_url":"https:\/\/encuentroinformativo.com.mx\/wp-content\/uploads\/2024\/11\/IMG-20241115-WA0027.jpg","jetpack_sharing_enabled":true,"jetpack_likes_enabled":true,"amp_enabled":true,"_links":{"self":[{"href":"https:\/\/encuentroinformativo.com.mx\/index.php?rest_route=\/wp\/v2\/posts\/60789","targetHints":{"allow":["GET"]}}],"collection":[{"href":"https:\/\/encuentroinformativo.com.mx\/index.php?rest_route=\/wp\/v2\/posts"}],"about":[{"href":"https:\/\/encuentroinformativo.com.mx\/index.php?rest_route=\/wp\/v2\/types\/post"}],"author":[{"embeddable":true,"href":"https:\/\/encuentroinformativo.com.mx\/index.php?rest_route=\/wp\/v2\/users\/2476"}],"replies":[{"embeddable":true,"href":"https:\/\/encuentroinformativo.com.mx\/index.php?rest_route=%2Fwp%2Fv2%2Fcomments&post=60789"}],"version-history":[{"count":1,"href":"https:\/\/encuentroinformativo.com.mx\/index.php?rest_route=\/wp\/v2\/posts\/60789\/revisions"}],"predecessor-version":[{"id":60791,"href":"https:\/\/encuentroinformativo.com.mx\/index.php?rest_route=\/wp\/v2\/posts\/60789\/revisions\/60791"}],"wp:featuredmedia":[{"embeddable":true,"href":"https:\/\/encuentroinformativo.com.mx\/index.php?rest_route=\/wp\/v2\/media\/60790"}],"wp:attachment":[{"href":"https:\/\/encuentroinformativo.com.mx\/index.php?rest_route=%2Fwp%2Fv2%2Fmedia&parent=60789"}],"wp:term":[{"taxonomy":"category","embeddable":true,"href":"https:\/\/encuentroinformativo.com.mx\/index.php?rest_route=%2Fwp%2Fv2%2Fcategories&post=60789"},{"taxonomy":"post_tag","embeddable":true,"href":"https:\/\/encuentroinformativo.com.mx\/index.php?rest_route=%2Fwp%2Fv2%2Ftags&post=60789"}],"curies":[{"name":"wp","href":"https:\/\/api.w.org\/{rel}","templated":true}]}}