{"id":60799,"date":"2024-11-15T13:53:40","date_gmt":"2024-11-15T19:53:40","guid":{"rendered":"https:\/\/encuentroinformativo.com.mx\/?p=60799"},"modified":"2024-11-15T13:54:16","modified_gmt":"2024-11-15T19:54:16","slug":"piden-a-prestadores-de-servicios-fomentar-la-inclusion","status":"publish","type":"post","link":"https:\/\/encuentroinformativo.com.mx\/?p=60799","title":{"rendered":"Piden a prestadores de servicios fomentar la inclusi\u00f3n"},"content":{"rendered":"\n<p><strong>*Lazos del Coraz\u00f3n pide mayor capacitaci\u00f3n para los trabajadores.<\/strong><\/p>\n\n\n\n<p><strong>Dar\u00edo Pale<\/strong><\/p>\n\n\n\n<p>Xalapa, Ver.- A\u00fan falta mucho por hacer en el tema de la inclusi\u00f3n por parte de prestadores de servicios, son contados con la mano, los negocios que capacitan a sus empleados y cuentan con accesos especiales, as\u00ed lo dio a conocer la directora de Lazos del Coraz\u00f3n y miembro de la Red Veracruz Inclusivo, Yenisei Antonio Garc\u00eda.<\/p>\n\n\n\n<p>En entrevista denunci\u00f3 que en materia de inclusi\u00f3n falta mucho por hacer en el tema de los prestadores de servicios, ya que son contados los negocios que capacitan a sus empleados en ese rubro.<\/p>\n\n\n\n<p>&#8220;Desgraciadamente pasan demasiadas cosas desagradables. No hay la correcta atenci\u00f3n por parte de los prestadores de servicios, para atender a personas con alguna discapacidad&#8221;, se\u00f1al\u00f3.<\/p>\n\n\n\n<p>Antonio Garc\u00eda, explic\u00f3 que Veracruz Inclusivo tiene el prop\u00f3sito de contribuir activamente a la construcci\u00f3n de una sociedad inclusiva en Veracruz.<\/p>\n\n\n\n<p>Es importante, dijo, brindar a todas aquellas personas, en especial a &#8220;las personas con alguna discapacidad&#8221;, los espacios y servicios que garanticen su plena integraci\u00f3n y desarrollo en la comunidad.<\/p>\n","protected":false},"excerpt":{"rendered":"<p>*Lazos del Coraz\u00f3n pide mayor capacitaci\u00f3n para los trabajadores. Dar\u00edo Pale Xalapa, Ver.- A\u00fan falta mucho por hacer en el tema de la inclusi\u00f3n por parte de prestadores de servicios, son contados con la mano, los negocios que capacitan a sus empleados y cuentan con accesos especiales, as\u00ed lo dio a conocer la directora de [&hellip;]<\/p>\n","protected":false},"author":2476,"featured_media":60801,"comment_status":"open","ping_status":"open","sticky":false,"template":"","format":"standard","meta":{"_jetpack_memberships_contains_paid_content":false,"footnotes":""},"categories":[3],"tags":[],"class_list":["post-60799","post","type-post","status-publish","format-standard","has-post-thumbnail","hentry","category-xalapa"],"jetpack_featured_media_url":"https:\/\/encuentroinformativo.com.mx\/wp-content\/uploads\/2024\/11\/IMG-20241115-WA0049.jpg","jetpack_sharing_enabled":true,"jetpack_likes_enabled":true,"amp_enabled":true,"_links":{"self":[{"href":"https:\/\/encuentroinformativo.com.mx\/index.php?rest_route=\/wp\/v2\/posts\/60799","targetHints":{"allow":["GET"]}}],"collection":[{"href":"https:\/\/encuentroinformativo.com.mx\/index.php?rest_route=\/wp\/v2\/posts"}],"about":[{"href":"https:\/\/encuentroinformativo.com.mx\/index.php?rest_route=\/wp\/v2\/types\/post"}],"author":[{"embeddable":true,"href":"https:\/\/encuentroinformativo.com.mx\/index.php?rest_route=\/wp\/v2\/users\/2476"}],"replies":[{"embeddable":true,"href":"https:\/\/encuentroinformativo.com.mx\/index.php?rest_route=%2Fwp%2Fv2%2Fcomments&post=60799"}],"version-history":[{"count":1,"href":"https:\/\/encuentroinformativo.com.mx\/index.php?rest_route=\/wp\/v2\/posts\/60799\/revisions"}],"predecessor-version":[{"id":60800,"href":"https:\/\/encuentroinformativo.com.mx\/index.php?rest_route=\/wp\/v2\/posts\/60799\/revisions\/60800"}],"wp:featuredmedia":[{"embeddable":true,"href":"https:\/\/encuentroinformativo.com.mx\/index.php?rest_route=\/wp\/v2\/media\/60801"}],"wp:attachment":[{"href":"https:\/\/encuentroinformativo.com.mx\/index.php?rest_route=%2Fwp%2Fv2%2Fmedia&parent=60799"}],"wp:term":[{"taxonomy":"category","embeddable":true,"href":"https:\/\/encuentroinformativo.com.mx\/index.php?rest_route=%2Fwp%2Fv2%2Fcategories&post=60799"},{"taxonomy":"post_tag","embeddable":true,"href":"https:\/\/encuentroinformativo.com.mx\/index.php?rest_route=%2Fwp%2Fv2%2Ftags&post=60799"}],"curies":[{"name":"wp","href":"https:\/\/api.w.org\/{rel}","templated":true}]}}