{"id":60805,"date":"2024-11-15T16:47:24","date_gmt":"2024-11-15T22:47:24","guid":{"rendered":"https:\/\/encuentroinformativo.com.mx\/?p=60805"},"modified":"2024-11-15T16:47:30","modified_gmt":"2024-11-15T22:47:30","slug":"invitan-a-festival-huasteco-en-xallitic","status":"publish","type":"post","link":"https:\/\/encuentroinformativo.com.mx\/?p=60805","title":{"rendered":"Invitan a Festival Huasteco en Xallitic"},"content":{"rendered":"\n<p><strong>Dar\u00edo Pale <\/strong><\/p>\n\n\n\n<p>Xalapa, Ver.- Invitan a la ciudadan\u00eda a las diferentes actividades del Festival Huasteco que se realizar\u00e1 a partir de este viernes 15 y hasta el domingo 17 de noviembre en el Barrio M\u00e1gico de Xallitic, donde habr\u00e1 m\u00fasica, Gastronom\u00eda, y la tradicional viejada, adem\u00e1s de un conversatorio.<\/p>\n\n\n\n<p>En conferencia de prensa se\u00f1alaron que, con motivo de las fiestas del Xantolo, se bailara la\u00a0 tradicional danza de la \u201cViejada\u201d, y se podr\u00e1 degustar de una amplia variedad de gastron\u00f3mica y de artesan\u00edas estar\u00e1n hasta las 8 de la noche.<\/p>\n\n\n\n<p>\u201cEn la tardecita est\u00e1 el evento art\u00edstico, donde va a haber los huapangos, baile y la artesan\u00eda sigue todo el d\u00eda igual que la gastronom\u00eda\u201d, se\u00f1al\u00f3.<\/p>\n\n\n\n<p>\u201cSomos un colectivo de huastecos radicados en la ciudad de Xalapa. Somos varias paisanas y paisanos que nos interesa que la poblaci\u00f3n xalape\u00f1a conozca nuestra cultura\u201d, agreg\u00f3.<\/p>\n\n\n\n<p>En coordinaci\u00f3n con el grupo de folcklore, danza y movimientos, el grupo de danza Chicome ofrecer\u00e1 el taller para dar a conocer los sones y pasos de \u201cla Viejada\u201d.<\/p>\n\n\n\n<p>\u201cEste a\u00f1o estaremos abordando sones de Tempoal y de Tantoyuca. Es un taller libre para quien guste tomarlo, es un taller donde compartiremos no s\u00f3lo la danza, si no la m\u00fasica, ya que este taller ser\u00e1 con m\u00fasica en vivo. La etnomusic\u00f3loga Raquel Para\u00edso estar\u00e1 a cargo de la m\u00fasica de este taller, donde abordaremos sones tradicionales y un poco modernos o recientes\u201d, coment\u00f3.\u00a0\u00a0<\/p>\n\n\n\n<p>Por \u00faltimo comentaron que, las actividades inician este viernes con el conversatorio \u201csones y huapangos de la Huasteca\u201d, el cual estar\u00e1 a cargo de la Etnomusic\u00f3loga Raquel Para\u00edso y el antrop\u00f3logo Alfredo Mart\u00ednez, las actividades continuar\u00e1n este s\u00e1bado y domingo en la explanada del Barrio de Xallitic<\/p>\n","protected":false},"excerpt":{"rendered":"<p>Dar\u00edo Pale Xalapa, Ver.- Invitan a la ciudadan\u00eda a las diferentes actividades del Festival Huasteco que se realizar\u00e1 a partir de este viernes 15 y hasta el domingo 17 de noviembre en el Barrio M\u00e1gico de Xallitic, donde habr\u00e1 m\u00fasica, Gastronom\u00eda, y la tradicional viejada, adem\u00e1s de un conversatorio. En conferencia de prensa se\u00f1alaron que, [&hellip;]<\/p>\n","protected":false},"author":2476,"featured_media":60806,"comment_status":"open","ping_status":"open","sticky":false,"template":"","format":"standard","meta":{"_jetpack_memberships_contains_paid_content":false,"footnotes":""},"categories":[2],"tags":[],"class_list":["post-60805","post","type-post","status-publish","format-standard","has-post-thumbnail","hentry","category-estado"],"jetpack_featured_media_url":"https:\/\/encuentroinformativo.com.mx\/wp-content\/uploads\/2024\/11\/IMG-20241115-WA0094.jpg","jetpack_sharing_enabled":true,"jetpack_likes_enabled":true,"amp_enabled":true,"_links":{"self":[{"href":"https:\/\/encuentroinformativo.com.mx\/index.php?rest_route=\/wp\/v2\/posts\/60805","targetHints":{"allow":["GET"]}}],"collection":[{"href":"https:\/\/encuentroinformativo.com.mx\/index.php?rest_route=\/wp\/v2\/posts"}],"about":[{"href":"https:\/\/encuentroinformativo.com.mx\/index.php?rest_route=\/wp\/v2\/types\/post"}],"author":[{"embeddable":true,"href":"https:\/\/encuentroinformativo.com.mx\/index.php?rest_route=\/wp\/v2\/users\/2476"}],"replies":[{"embeddable":true,"href":"https:\/\/encuentroinformativo.com.mx\/index.php?rest_route=%2Fwp%2Fv2%2Fcomments&post=60805"}],"version-history":[{"count":1,"href":"https:\/\/encuentroinformativo.com.mx\/index.php?rest_route=\/wp\/v2\/posts\/60805\/revisions"}],"predecessor-version":[{"id":60807,"href":"https:\/\/encuentroinformativo.com.mx\/index.php?rest_route=\/wp\/v2\/posts\/60805\/revisions\/60807"}],"wp:featuredmedia":[{"embeddable":true,"href":"https:\/\/encuentroinformativo.com.mx\/index.php?rest_route=\/wp\/v2\/media\/60806"}],"wp:attachment":[{"href":"https:\/\/encuentroinformativo.com.mx\/index.php?rest_route=%2Fwp%2Fv2%2Fmedia&parent=60805"}],"wp:term":[{"taxonomy":"category","embeddable":true,"href":"https:\/\/encuentroinformativo.com.mx\/index.php?rest_route=%2Fwp%2Fv2%2Fcategories&post=60805"},{"taxonomy":"post_tag","embeddable":true,"href":"https:\/\/encuentroinformativo.com.mx\/index.php?rest_route=%2Fwp%2Fv2%2Ftags&post=60805"}],"curies":[{"name":"wp","href":"https:\/\/api.w.org\/{rel}","templated":true}]}}