{"id":6081,"date":"2020-09-23T11:21:28","date_gmt":"2020-09-23T16:21:28","guid":{"rendered":"https:\/\/encuentroinformativo.com.mx\/?p=6081"},"modified":"2020-09-23T03:25:22","modified_gmt":"2020-09-23T08:25:22","slug":"se-desploman-ventas-en-la-central-de-abastos-de-xalapa","status":"publish","type":"post","link":"https:\/\/encuentroinformativo.com.mx\/?p=6081","title":{"rendered":"Se desploman ventas en la Central de Abastos de Xalapa"},"content":{"rendered":"\n<p><strong>Elisa <\/strong><span style=\"font-weight: 600;\">Abur<\/span><strong>t<span style=\"font-weight: 600;\">o<\/span><\/strong><\/p>\n\n\n\n<p>Xalapa, Ver.- Ante la pandemia que se vive desde hace varios meses a consecuencia del virus SARS-CoV-2, las ventas para los comerciantes que se ubican en la Central de Abastos han disminuido de forma considerable.<\/p>\n\n\n\n<p>As\u00ed lo coment\u00f3 don Pedro encargado de uno de los locales que expenden c\u00edtricos, quien coment\u00f3 que aunque si van personas a realizar sus compras \u00e9stas no se comparan con la afluencia que ten\u00edan antes.&nbsp;<\/p>\n\n\n\n<p>Cuestionado sobre las repercusiones que ha representado para ellos, explic\u00f3: \u201cLa verdad nos ha afectado mucho es como un 25 por ciento lo que se recupera en comparaci\u00f3n a lo que ten\u00edamos antes, esta baj\u00edsimo\u201d.\u00a0<\/p>\n\n\n\n<div class=\"wp-block-image\"><figure class=\"alignright size-large is-resized\"><img loading=\"lazy\" decoding=\"async\" src=\"https:\/\/encuentroinformativo.com.mx\/wp-content\/uploads\/2020\/09\/FD6B24F9-E154-4673-B660-A5A00D8F62EA-1024x768.jpeg\" alt=\"\" class=\"wp-image-6079\" width=\"310\" height=\"233\" srcset=\"https:\/\/encuentroinformativo.com.mx\/wp-content\/uploads\/2020\/09\/FD6B24F9-E154-4673-B660-A5A00D8F62EA-1024x768.jpeg 1024w, https:\/\/encuentroinformativo.com.mx\/wp-content\/uploads\/2020\/09\/FD6B24F9-E154-4673-B660-A5A00D8F62EA-300x225.jpeg 300w, https:\/\/encuentroinformativo.com.mx\/wp-content\/uploads\/2020\/09\/FD6B24F9-E154-4673-B660-A5A00D8F62EA-768x576.jpeg 768w, https:\/\/encuentroinformativo.com.mx\/wp-content\/uploads\/2020\/09\/FD6B24F9-E154-4673-B660-A5A00D8F62EA-1536x1152.jpeg 1536w, https:\/\/encuentroinformativo.com.mx\/wp-content\/uploads\/2020\/09\/FD6B24F9-E154-4673-B660-A5A00D8F62EA.jpeg 1600w\" sizes=\"auto, (max-width: 310px) 100vw, 310px\" \/><\/figure><\/div>\n\n\n\n<p>Entre los productos que ofrecen en su local, se observan naranjas, toronjas, limones y verduras; y aunque dice que las personas \u201cse llevan un poco de todo\u201d las compras que realizan son escasas en comparaci\u00f3n a hace unos meses.&nbsp;<\/p>\n\n\n\n<p>\u201cSe llevan de todo un poco, pero no hay suficiente venta\u2026 nos ha repercutido, tenemos mucha merma, se tira mucho producto, se pasa la fruta, se pasa la verdura y se deben de tirar\u201d.<\/p>\n\n\n\n<p>Adem\u00e1s de las afectaciones que se viven a consecuencia del Covid-19 por los estragos que genera en la econom\u00eda familiar, don Pedro consider\u00f3 que las restricciones que se tienen actualmente en materia de movilidad por parte de Tr\u00e1nsito tambi\u00e9n les repercute.<\/p>\n\n\n\n<p>\u201cLos de Tr\u00e1nsito, Polic\u00eda Vial pareciera que est\u00e1n en contra de nosotros porque ya ve que ahorita no podemos pasar, no se puede transportar a repartir y eso\u201d, enfatiz\u00f3.&nbsp;<\/p>\n\n\n\n<p class=\"has-text-align-center\"><strong>Econom\u00eda Afectada y Desempleo&nbsp;<\/strong><\/p>\n\n\n\n<p>Aunque las bajas en las ventas se han observado desde hace varios meses, ha sido en el \u00faltimo mes donde se han resentido las afectaciones en la econom\u00eda de las familias y el desempleo que se ha generado por la pandemia, as\u00ed lo consider\u00f3 el comerciante Julio M\u00e1rquez.\u00a0<\/p>\n\n\n\n<p>\u201cS\u00ed ha disminuido porque pues las personas tienen miedo, pero este \u00faltimo mes se ha resentido en la baja de la econom\u00eda, es muy notable que estemos empezando a ver el causa-efecto de que mucha gente se qued\u00f3 sin empleo y la gente se limita en su canasta b\u00e1sica, y las frutas y las verduras las van dejando a un segundo plano\u201d.<\/p>\n\n\n\n<p>Entonces s\u00ed hemos sentido la disminuci\u00f3n de ventas -prosigui\u00f3- y nosotros hemos notado que es por eso, porque vemos que las personas se est\u00e1n limitando en sus compras.&nbsp;<\/p>\n\n\n\n<p>Y aunque se\u00f1al\u00f3 que por el momento ninguna autoridad se ha acercado para tratar de promover acciones que les permitan mejorar las ventas de sus productos, explic\u00f3 que s\u00ed se acercaron para orientarlos sobre las nuevas medidas de normalidad y las reglas de higiene que deben de cumplir para poder estar funcionando, por lo que incluso durante dos semanas personal de \u00e1reas como desarrollo econ\u00f3mico les estuvieron apoyando de manera presencial.<\/p>\n\n\n\n<p>Para concluir Julio M\u00e1rquez dijo que est\u00e1n a la espera de que las autoridades traten de poner en marcha programas que les permitan repuntar las ventas de sus productos. \u00a0<\/p>\n\n\n\n<figure class=\"wp-block-image size-large\"><img loading=\"lazy\" decoding=\"async\" width=\"1024\" height=\"609\" src=\"https:\/\/encuentroinformativo.com.mx\/wp-content\/uploads\/2020\/09\/CF9A2EA7-7F24-4A1E-A2AB-CDEE030BDB73-1024x609.jpeg\" alt=\"\" class=\"wp-image-6076\" srcset=\"https:\/\/encuentroinformativo.com.mx\/wp-content\/uploads\/2020\/09\/CF9A2EA7-7F24-4A1E-A2AB-CDEE030BDB73-1024x609.jpeg 1024w, https:\/\/encuentroinformativo.com.mx\/wp-content\/uploads\/2020\/09\/CF9A2EA7-7F24-4A1E-A2AB-CDEE030BDB73-300x179.jpeg 300w, https:\/\/encuentroinformativo.com.mx\/wp-content\/uploads\/2020\/09\/CF9A2EA7-7F24-4A1E-A2AB-CDEE030BDB73-768x457.jpeg 768w, https:\/\/encuentroinformativo.com.mx\/wp-content\/uploads\/2020\/09\/CF9A2EA7-7F24-4A1E-A2AB-CDEE030BDB73-1536x914.jpeg 1536w, https:\/\/encuentroinformativo.com.mx\/wp-content\/uploads\/2020\/09\/CF9A2EA7-7F24-4A1E-A2AB-CDEE030BDB73.jpeg 1600w\" sizes=\"auto, (max-width: 1024px) 100vw, 1024px\" \/><\/figure>\n\n\n\n<p><\/p>\n","protected":false},"excerpt":{"rendered":"<p>Elisa Aburto Xalapa, Ver.- Ante la pandemia que se vive desde hace varios meses a consecuencia del virus SARS-CoV-2, las ventas para los comerciantes que se ubican en la Central de Abastos han disminuido de forma considerable. As\u00ed lo coment\u00f3 don Pedro encargado de uno de los locales que expenden c\u00edtricos, quien coment\u00f3 que aunque [&hellip;]<\/p>\n","protected":false},"author":1,"featured_media":6078,"comment_status":"open","ping_status":"open","sticky":false,"template":"","format":"aside","meta":{"_jetpack_memberships_contains_paid_content":false,"footnotes":""},"categories":[3],"tags":[],"class_list":["post-6081","post","type-post","status-publish","format-aside","has-post-thumbnail","hentry","category-xalapa","post_format-post-format-aside"],"jetpack_featured_media_url":"https:\/\/encuentroinformativo.com.mx\/wp-content\/uploads\/2020\/09\/6217D514-A505-4E9E-B049-BB75212837AE.jpeg","jetpack_sharing_enabled":true,"jetpack_likes_enabled":true,"amp_enabled":true,"_links":{"self":[{"href":"https:\/\/encuentroinformativo.com.mx\/index.php?rest_route=\/wp\/v2\/posts\/6081","targetHints":{"allow":["GET"]}}],"collection":[{"href":"https:\/\/encuentroinformativo.com.mx\/index.php?rest_route=\/wp\/v2\/posts"}],"about":[{"href":"https:\/\/encuentroinformativo.com.mx\/index.php?rest_route=\/wp\/v2\/types\/post"}],"author":[{"embeddable":true,"href":"https:\/\/encuentroinformativo.com.mx\/index.php?rest_route=\/wp\/v2\/users\/1"}],"replies":[{"embeddable":true,"href":"https:\/\/encuentroinformativo.com.mx\/index.php?rest_route=%2Fwp%2Fv2%2Fcomments&post=6081"}],"version-history":[{"count":2,"href":"https:\/\/encuentroinformativo.com.mx\/index.php?rest_route=\/wp\/v2\/posts\/6081\/revisions"}],"predecessor-version":[{"id":6083,"href":"https:\/\/encuentroinformativo.com.mx\/index.php?rest_route=\/wp\/v2\/posts\/6081\/revisions\/6083"}],"wp:featuredmedia":[{"embeddable":true,"href":"https:\/\/encuentroinformativo.com.mx\/index.php?rest_route=\/wp\/v2\/media\/6078"}],"wp:attachment":[{"href":"https:\/\/encuentroinformativo.com.mx\/index.php?rest_route=%2Fwp%2Fv2%2Fmedia&parent=6081"}],"wp:term":[{"taxonomy":"category","embeddable":true,"href":"https:\/\/encuentroinformativo.com.mx\/index.php?rest_route=%2Fwp%2Fv2%2Fcategories&post=6081"},{"taxonomy":"post_tag","embeddable":true,"href":"https:\/\/encuentroinformativo.com.mx\/index.php?rest_route=%2Fwp%2Fv2%2Ftags&post=6081"}],"curies":[{"name":"wp","href":"https:\/\/api.w.org\/{rel}","templated":true}]}}