{"id":60815,"date":"2024-11-15T19:31:45","date_gmt":"2024-11-16T01:31:45","guid":{"rendered":"https:\/\/encuentroinformativo.com.mx\/?p=60815"},"modified":"2024-11-15T19:31:51","modified_gmt":"2024-11-16T01:31:51","slug":"boca-del-rio-listo-y-seguro-para-disfrutar-del-buen-fin-2024-alcalde-jm-unanue","status":"publish","type":"post","link":"https:\/\/encuentroinformativo.com.mx\/?p=60815","title":{"rendered":"Boca del R\u00edo listo y seguro para disfrutar del Buen Fin 2024: Alcalde JM Un\u00e1nue"},"content":{"rendered":"\n<p><strong>* <em>Este programa de reactivaci\u00f3n econ\u00f3mica se lleva a cabo del 15 al 18 de noviembre en la zona conurbada Veracruz \u2013 Boca del R\u00edo<\/em><\/strong>.<\/p>\n\n\n\n<p>Boca del R\u00edo, Ver.- La ciudad de Boca del R\u00edo se encuentra lista para recibir a miles personas que acudir\u00e1n a los cientos de comercios que est\u00e1n participando en la d\u00e9cima cuarta edici\u00f3n del Buen Fin que se lleva a cabo del 15 al 18 de noviembre en la zona conurbada.<\/p>\n\n\n\n<p>\u201cVamos a estar reforzando la seguridad en la zona tur\u00edstica, las plazas comerciales, los centros comerciales, afortunadamente sabemos que vamos a tener una asistencia y una ocupaci\u00f3n hotelera importante y presencia en todo tipo de establecimiento comercial\u201d, expres\u00f3 el edil boque\u00f1o.<\/p>\n\n\n\n<p>El Presidente Municipal inform\u00f3 que gracias a este programa se espera una derrama econ\u00f3mica de m\u00e1s de mil millones de pesos de ventas en la conurbaci\u00f3n.<\/p>\n\n\n\n<p>As\u00ed que desde este viernes 15 de noviembre al lunes 18 de noviembre, el Gobierno Municipal implementar\u00e1 un operativo preventivo y persuasivo conformado por m\u00e1s de 300 elementos.<\/p>\n\n\n\n<p>La Fuerza de Tarea ser\u00e1 integrada por la Polic\u00eda Municipal de Boca del R\u00edo, Tr\u00e1nsito Municipal, Protecci\u00f3n Civil Municipal, Polic\u00eda Naval y C5i.<\/p>\n\n\n\n<p>Asimismo, Un\u00e1nue Abascal reconoci\u00f3 el trabajo de la C\u00e1mara Nacional de Comercio y Turismo (Canaco Servytur) de Veracruz, presidida por Tom\u00e1s M\u00e9ndez Valerio, as\u00ed como del empresariado de la zona Veracruz-Boca del R\u00edo.<\/p>\n\n\n\n<p>El ejecutivo municipal agreg\u00f3 que este Buen Fin 2024, es una nueva oportunidad para que a los trabajadores de Boca del R\u00edo les vaya bien, que se generen empleos y mejores ingresos.<\/p>\n\n\n\n<p>Finalmente, Un\u00e1nue Abascal hizo un llamado a los ciudadanos a que consuman en los establecimientos boque\u00f1os, donde habr\u00e1n distintas promociones y descuentos, recordando que la ciudad es ordenada y segura.<\/p>\n\n\n\n<p><em><strong>RECOMENDACIONES<\/strong><\/em><\/p>\n\n\n\n<p><em><strong>Uso de cajeros autom\u00e1ticos:<\/strong><\/em><\/p>\n\n\n\n<p>**Evitar utilizarlos en lugares solitarios o poco iluminados.<br>**No aceptar ayuda de extra\u00f1os para operar el cajero.<\/p>\n\n\n\n<p><em><strong>Compras en establecimientos:<\/strong><\/em><\/p>\n\n\n\n<p>**No perder de vista las tarjetas de cr\u00e9dito o d\u00e9bito al momento de realizar pagos.<br>**Verificar siempre los comprobantes antes de firmarlos o aceptar el cargo.<\/p>\n\n\n\n<p><em><strong>Seguridad personal:<\/strong><\/em><\/p>\n\n\n\n<p>**En caso de requerir acompa\u00f1amiento, acercarse a las autoridades correspondientes.<br>**En situaciones de emergencia, comunicarse de inmediato al 911 para recibir apoyo oportuno.<\/p>\n","protected":false},"excerpt":{"rendered":"<p>* Este programa de reactivaci\u00f3n econ\u00f3mica se lleva a cabo del 15 al 18 de noviembre en la zona conurbada Veracruz \u2013 Boca del R\u00edo. Boca del R\u00edo, Ver.- La ciudad de Boca del R\u00edo se encuentra lista para recibir a miles personas que acudir\u00e1n a los cientos de comercios que est\u00e1n participando en la [&hellip;]<\/p>\n","protected":false},"author":2476,"featured_media":60816,"comment_status":"open","ping_status":"open","sticky":false,"template":"","format":"standard","meta":{"_jetpack_memberships_contains_paid_content":false,"footnotes":""},"categories":[2],"tags":[],"class_list":["post-60815","post","type-post","status-publish","format-standard","has-post-thumbnail","hentry","category-estado"],"jetpack_featured_media_url":"https:\/\/encuentroinformativo.com.mx\/wp-content\/uploads\/2024\/11\/IMG-20241115-WA0116.jpg","jetpack_sharing_enabled":true,"jetpack_likes_enabled":true,"amp_enabled":true,"_links":{"self":[{"href":"https:\/\/encuentroinformativo.com.mx\/index.php?rest_route=\/wp\/v2\/posts\/60815","targetHints":{"allow":["GET"]}}],"collection":[{"href":"https:\/\/encuentroinformativo.com.mx\/index.php?rest_route=\/wp\/v2\/posts"}],"about":[{"href":"https:\/\/encuentroinformativo.com.mx\/index.php?rest_route=\/wp\/v2\/types\/post"}],"author":[{"embeddable":true,"href":"https:\/\/encuentroinformativo.com.mx\/index.php?rest_route=\/wp\/v2\/users\/2476"}],"replies":[{"embeddable":true,"href":"https:\/\/encuentroinformativo.com.mx\/index.php?rest_route=%2Fwp%2Fv2%2Fcomments&post=60815"}],"version-history":[{"count":1,"href":"https:\/\/encuentroinformativo.com.mx\/index.php?rest_route=\/wp\/v2\/posts\/60815\/revisions"}],"predecessor-version":[{"id":60817,"href":"https:\/\/encuentroinformativo.com.mx\/index.php?rest_route=\/wp\/v2\/posts\/60815\/revisions\/60817"}],"wp:featuredmedia":[{"embeddable":true,"href":"https:\/\/encuentroinformativo.com.mx\/index.php?rest_route=\/wp\/v2\/media\/60816"}],"wp:attachment":[{"href":"https:\/\/encuentroinformativo.com.mx\/index.php?rest_route=%2Fwp%2Fv2%2Fmedia&parent=60815"}],"wp:term":[{"taxonomy":"category","embeddable":true,"href":"https:\/\/encuentroinformativo.com.mx\/index.php?rest_route=%2Fwp%2Fv2%2Fcategories&post=60815"},{"taxonomy":"post_tag","embeddable":true,"href":"https:\/\/encuentroinformativo.com.mx\/index.php?rest_route=%2Fwp%2Fv2%2Ftags&post=60815"}],"curies":[{"name":"wp","href":"https:\/\/api.w.org\/{rel}","templated":true}]}}