{"id":60823,"date":"2024-11-16T12:15:01","date_gmt":"2024-11-16T18:15:01","guid":{"rendered":"https:\/\/encuentroinformativo.com.mx\/?p=60823"},"modified":"2024-11-16T12:15:07","modified_gmt":"2024-11-16T18:15:07","slug":"exitosa-presentacion-de-la-exposicion-tres-miradas-tres-lustros","status":"publish","type":"post","link":"https:\/\/encuentroinformativo.com.mx\/?p=60823","title":{"rendered":"Exitosa presentaci\u00f3n de la exposici\u00f3n &#8220;Tres Miradas, Tres Lustros&#8221;"},"content":{"rendered":"\n<p><strong>Alejandro \u00c1vila<\/strong><\/p>\n\n\n\n<p>Veracruz, Ver.- La noche de este viernes se inaugur\u00f3 en la Fototeca de Veracruz la exposici\u00f3n fotogr\u00e1fica &#8220;Tres Miradas, Tres Lustros&#8221; con un \u00e9xito rotundo.<\/p>\n\n\n\n<p>Los fotoperiodistas Wilber V\u00e1zquez, Yahir Ceballos y F\u00e9lix M\u00e1rquez, presentaron parte de su trabajo a lo largo de 15 a\u00f1os, donde tuvieron la tit\u00e1nica tarea de resumir su trayectoria en tan solo 60 im\u00e1genes, las cuales deleitaron a los casi 100 asistentes que se dieron cita en el recinto cultural.<\/p>\n\n\n\n<p>Wilber V\u00e1zquez, gestor de la gala fotogr\u00e1fica, mencion\u00f3 mientras explicaba una fotograf\u00eda tomada posterior a los estragos que dej\u00f3 el hurac\u00e1n Karl en 2010, que como fotoperiodista debes documentar todo tipo de situaciones, algunas te estrujar\u00e1n el coraz\u00f3n, sin embargo, se debe plasmar la situaciones que vive la ciudadan\u00eda al d\u00eda aunque no sean gratas.<\/p>\n\n\n\n<p>Por su parte, Yahir Ceballos, expresaba su sorpresa por los acontecimientos que ha dejado el cambio clim\u00e1tico, situaci\u00f3n que lo ha llevado a fotografiar el varamiento de un Cachalote, el avistamiento y muerte de delfines o, el masivo deceso de Rayas, todo en las costas de la entidad veracruzana.<\/p>\n\n\n\n<p>Finalmente, F\u00e9lix M\u00e1rquez, hablo sobre la fotograf\u00eda que lo llev\u00f3 a ganar el premio Pulitzer, de la cual record\u00f3 fue tomada a 15 minutos de su hogar, en una localidad del municipio de Medell\u00edn de Bravo; por lo que aclar\u00f3, no es necesario irse a la franja de Gaza o alg\u00fan otro conflicto b\u00e9lico en Europa para lograr una imagen que sea meritoria de reconocimiento internacional.<\/p>\n\n\n\n<p>Finalmente los tres fotoperiodistas alentaron a las nuevas generaciones a continuar con la labor de documentar hechos de la vida diaria con pasi\u00f3n y profesionalismo, pues de esta manera se podr\u00e1n conseguir grandes frutos a futuro.<\/p>\n\n\n\n<figure class=\"wp-block-image size-large\"><img loading=\"lazy\" decoding=\"async\" width=\"1024\" height=\"768\" src=\"https:\/\/encuentroinformativo.com.mx\/wp-content\/uploads\/2024\/11\/1000424432-1024x768.jpg\" alt=\"\" class=\"wp-image-60825\" srcset=\"https:\/\/encuentroinformativo.com.mx\/wp-content\/uploads\/2024\/11\/1000424432-1024x768.jpg 1024w, https:\/\/encuentroinformativo.com.mx\/wp-content\/uploads\/2024\/11\/1000424432-300x225.jpg 300w, https:\/\/encuentroinformativo.com.mx\/wp-content\/uploads\/2024\/11\/1000424432-768x576.jpg 768w, https:\/\/encuentroinformativo.com.mx\/wp-content\/uploads\/2024\/11\/1000424432-1536x1152.jpg 1536w, https:\/\/encuentroinformativo.com.mx\/wp-content\/uploads\/2024\/11\/1000424432.jpg 1600w\" sizes=\"auto, (max-width: 1024px) 100vw, 1024px\" \/><\/figure>\n","protected":false},"excerpt":{"rendered":"<p>Alejandro \u00c1vila Veracruz, Ver.- La noche de este viernes se inaugur\u00f3 en la Fototeca de Veracruz la exposici\u00f3n fotogr\u00e1fica &#8220;Tres Miradas, Tres Lustros&#8221; con un \u00e9xito rotundo. Los fotoperiodistas Wilber V\u00e1zquez, Yahir Ceballos y F\u00e9lix M\u00e1rquez, presentaron parte de su trabajo a lo largo de 15 a\u00f1os, donde tuvieron la tit\u00e1nica tarea de resumir su [&hellip;]<\/p>\n","protected":false},"author":2476,"featured_media":60824,"comment_status":"open","ping_status":"open","sticky":false,"template":"","format":"standard","meta":{"_jetpack_memberships_contains_paid_content":false,"footnotes":""},"categories":[2],"tags":[],"class_list":["post-60823","post","type-post","status-publish","format-standard","has-post-thumbnail","hentry","category-estado"],"jetpack_featured_media_url":"https:\/\/encuentroinformativo.com.mx\/wp-content\/uploads\/2024\/11\/IMG-20241116-WA00073.jpg","jetpack_sharing_enabled":true,"jetpack_likes_enabled":true,"amp_enabled":true,"_links":{"self":[{"href":"https:\/\/encuentroinformativo.com.mx\/index.php?rest_route=\/wp\/v2\/posts\/60823","targetHints":{"allow":["GET"]}}],"collection":[{"href":"https:\/\/encuentroinformativo.com.mx\/index.php?rest_route=\/wp\/v2\/posts"}],"about":[{"href":"https:\/\/encuentroinformativo.com.mx\/index.php?rest_route=\/wp\/v2\/types\/post"}],"author":[{"embeddable":true,"href":"https:\/\/encuentroinformativo.com.mx\/index.php?rest_route=\/wp\/v2\/users\/2476"}],"replies":[{"embeddable":true,"href":"https:\/\/encuentroinformativo.com.mx\/index.php?rest_route=%2Fwp%2Fv2%2Fcomments&post=60823"}],"version-history":[{"count":1,"href":"https:\/\/encuentroinformativo.com.mx\/index.php?rest_route=\/wp\/v2\/posts\/60823\/revisions"}],"predecessor-version":[{"id":60826,"href":"https:\/\/encuentroinformativo.com.mx\/index.php?rest_route=\/wp\/v2\/posts\/60823\/revisions\/60826"}],"wp:featuredmedia":[{"embeddable":true,"href":"https:\/\/encuentroinformativo.com.mx\/index.php?rest_route=\/wp\/v2\/media\/60824"}],"wp:attachment":[{"href":"https:\/\/encuentroinformativo.com.mx\/index.php?rest_route=%2Fwp%2Fv2%2Fmedia&parent=60823"}],"wp:term":[{"taxonomy":"category","embeddable":true,"href":"https:\/\/encuentroinformativo.com.mx\/index.php?rest_route=%2Fwp%2Fv2%2Fcategories&post=60823"},{"taxonomy":"post_tag","embeddable":true,"href":"https:\/\/encuentroinformativo.com.mx\/index.php?rest_route=%2Fwp%2Fv2%2Ftags&post=60823"}],"curies":[{"name":"wp","href":"https:\/\/api.w.org\/{rel}","templated":true}]}}