{"id":60836,"date":"2024-11-16T17:10:31","date_gmt":"2024-11-16T23:10:31","guid":{"rendered":"https:\/\/encuentroinformativo.com.mx\/?p=60836"},"modified":"2024-11-16T17:10:38","modified_gmt":"2024-11-16T23:10:38","slug":"recuerda-juan-villoro-al-escritor-y-medico-veracruzano-juan-vicente-melo","status":"publish","type":"post","link":"https:\/\/encuentroinformativo.com.mx\/?p=60836","title":{"rendered":"Recuerda Juan Villoro al escritor y m\u00e9dico veracruzano Juan Vicente Melo"},"content":{"rendered":"\n<p><strong>Alejandro \u00c1vila<\/strong><\/p>\n\n\n\n<p>Boca del R\u00edo, Ver.- El escritor, Juan Villoro Ruiz, visit\u00f3 la ciudad de Veracruz para acompa\u00f1ar a la Orquesta Filarm\u00f3nica de Boca del R\u00edo en el concierto &#8220;Obediencia y Rebeld\u00eda, el Arte de Oir en p\u00fablico&#8221;.<\/p>\n\n\n\n<p>En su \u00faltima intervenci\u00f3n, previo a escuchar la Fanfarria Ol\u00edmpica del mexicano, Carlos Jim\u00e9nez Mabarak, m\u00fasica que fue elegida para entonarse en la entrega de medallas durante las Olimpiadas de M\u00e9xico en 1968; \u00e9l tambi\u00e9n periodista, record\u00f3 al m\u00e9dico, escritor y m\u00fasico, Juan Vicente Melo, que naci\u00f3 en la ciudad y puerto de Veracruz.<\/p>\n\n\n\n<p>&#8220;En su libro Notas y M\u00fasica, Juan Vicente Melo fue pionero de la cr\u00edtica moderna, quienes tuvimos la suerte de conocerlo sabemos que le dar\u00eda gusto ser evocado en un concierto en donde han sido interpretadas obras de algunos de sus autores favoritos. Una calle no muy favorecida de Veracruz lleva el nombre de Juan Vicente Melo, pero su legado merece una avenida o mejor dicho un Malec\u00f3n&#8221;, acot\u00f3 Juan Villoro.<\/p>\n\n\n\n<p>En el recital la orquesta filarm\u00f3nica de Boca del R\u00edo enton\u00f3 la Obertura Egmont de Ludwig Van Beethoven; la \u00d3pera Wozzeck de Alban Berg; Suite de Redes de Silvestre Revueltas; Sinfon\u00eda n\u00famero 7 &#8220;Leningrado&#8221; de Dmitri Shostakovich; y Fanfarria para el Hombre Com\u00fan de Aaron Copland; todo bajo la direcci\u00f3n del director invitado Benjam\u00edn Ju\u00e1rez.<\/p>\n\n\n\n<figure class=\"wp-block-image size-large\"><img loading=\"lazy\" decoding=\"async\" width=\"1024\" height=\"678\" src=\"https:\/\/encuentroinformativo.com.mx\/wp-content\/uploads\/2024\/11\/1000424595-1024x678.jpg\" alt=\"\" class=\"wp-image-60838\" srcset=\"https:\/\/encuentroinformativo.com.mx\/wp-content\/uploads\/2024\/11\/1000424595-1024x678.jpg 1024w, https:\/\/encuentroinformativo.com.mx\/wp-content\/uploads\/2024\/11\/1000424595-300x199.jpg 300w, https:\/\/encuentroinformativo.com.mx\/wp-content\/uploads\/2024\/11\/1000424595-768x509.jpg 768w, https:\/\/encuentroinformativo.com.mx\/wp-content\/uploads\/2024\/11\/1000424595-1536x1018.jpg 1536w, https:\/\/encuentroinformativo.com.mx\/wp-content\/uploads\/2024\/11\/1000424595.jpg 1600w\" sizes=\"auto, (max-width: 1024px) 100vw, 1024px\" \/><\/figure>\n","protected":false},"excerpt":{"rendered":"<p>Alejandro \u00c1vila Boca del R\u00edo, Ver.- El escritor, Juan Villoro Ruiz, visit\u00f3 la ciudad de Veracruz para acompa\u00f1ar a la Orquesta Filarm\u00f3nica de Boca del R\u00edo en el concierto &#8220;Obediencia y Rebeld\u00eda, el Arte de Oir en p\u00fablico&#8221;. En su \u00faltima intervenci\u00f3n, previo a escuchar la Fanfarria Ol\u00edmpica del mexicano, Carlos Jim\u00e9nez Mabarak, m\u00fasica que [&hellip;]<\/p>\n","protected":false},"author":2476,"featured_media":60837,"comment_status":"open","ping_status":"open","sticky":false,"template":"","format":"standard","meta":{"_jetpack_memberships_contains_paid_content":false,"footnotes":""},"categories":[2],"tags":[],"class_list":["post-60836","post","type-post","status-publish","format-standard","has-post-thumbnail","hentry","category-estado"],"jetpack_featured_media_url":"https:\/\/encuentroinformativo.com.mx\/wp-content\/uploads\/2024\/11\/IMG-20241116-WA0031.jpg","jetpack_sharing_enabled":true,"jetpack_likes_enabled":true,"amp_enabled":true,"_links":{"self":[{"href":"https:\/\/encuentroinformativo.com.mx\/index.php?rest_route=\/wp\/v2\/posts\/60836","targetHints":{"allow":["GET"]}}],"collection":[{"href":"https:\/\/encuentroinformativo.com.mx\/index.php?rest_route=\/wp\/v2\/posts"}],"about":[{"href":"https:\/\/encuentroinformativo.com.mx\/index.php?rest_route=\/wp\/v2\/types\/post"}],"author":[{"embeddable":true,"href":"https:\/\/encuentroinformativo.com.mx\/index.php?rest_route=\/wp\/v2\/users\/2476"}],"replies":[{"embeddable":true,"href":"https:\/\/encuentroinformativo.com.mx\/index.php?rest_route=%2Fwp%2Fv2%2Fcomments&post=60836"}],"version-history":[{"count":1,"href":"https:\/\/encuentroinformativo.com.mx\/index.php?rest_route=\/wp\/v2\/posts\/60836\/revisions"}],"predecessor-version":[{"id":60839,"href":"https:\/\/encuentroinformativo.com.mx\/index.php?rest_route=\/wp\/v2\/posts\/60836\/revisions\/60839"}],"wp:featuredmedia":[{"embeddable":true,"href":"https:\/\/encuentroinformativo.com.mx\/index.php?rest_route=\/wp\/v2\/media\/60837"}],"wp:attachment":[{"href":"https:\/\/encuentroinformativo.com.mx\/index.php?rest_route=%2Fwp%2Fv2%2Fmedia&parent=60836"}],"wp:term":[{"taxonomy":"category","embeddable":true,"href":"https:\/\/encuentroinformativo.com.mx\/index.php?rest_route=%2Fwp%2Fv2%2Fcategories&post=60836"},{"taxonomy":"post_tag","embeddable":true,"href":"https:\/\/encuentroinformativo.com.mx\/index.php?rest_route=%2Fwp%2Fv2%2Ftags&post=60836"}],"curies":[{"name":"wp","href":"https:\/\/api.w.org\/{rel}","templated":true}]}}