{"id":60840,"date":"2024-11-16T17:13:51","date_gmt":"2024-11-16T23:13:51","guid":{"rendered":"https:\/\/encuentroinformativo.com.mx\/?p=60840"},"modified":"2024-11-16T17:13:57","modified_gmt":"2024-11-16T23:13:57","slug":"formaliza-la-comision-de-medio-ambiente-el-inicio-de-sus-actividades","status":"publish","type":"post","link":"https:\/\/encuentroinformativo.com.mx\/?p=60840","title":{"rendered":"Formaliza la Comisi\u00f3n de Medio Ambiente el inicio de sus actividades"},"content":{"rendered":"\n<p>Xalapa, Ver.- Comisi\u00f3n Permanente de Medio Ambiente, Recursos Naturales y Cambio Clim\u00e1tico del Congreso del Estado, integrada por las diputadas Imelda Garrido Alvarado, presidenta; Ang\u00e9lica Pe\u00f1a Mart\u00ednez, secretaria, y Valeria M\u00e9ndez Moctezuma, vocal, realiz\u00f3 su instalaci\u00f3n legal y con ello se formaliza el inicio de sus trabajos.<\/p>\n\n\n\n<p>Tras la firma del acta correspondiente, la legisladora Imelda Garrido expres\u00f3 que dada la importancia de los asuntos que atiende esta comisi\u00f3n es necesario que sus integrantes est\u00e9n involucradas con la agenda que en breve se llevar\u00e1 a cabo.<\/p>\n\n\n\n<p>Entre las tareas asignadas a la Comisi\u00f3n Legislativa, ejemplific\u00f3 la conducci\u00f3n de la comparecencia con el titular de la Secretar\u00eda de Medio Ambiente (Sedema) el pr\u00f3ximo 20 de noviembre a las 17:00 horas en el auditorio Sebasti\u00e1n Lerdo de Tejada del Congreso local.<\/p>\n\n\n\n<p>&#8220;Ser\u00e1 un ejercicio de rendici\u00f3n de cuentas de la Administraci\u00f3n P\u00fablica Estatal ante la representaci\u00f3n popular y es para lo que la ciudadan\u00eda nos eligi\u00f3; somos sus representantes y tenemos la obligaci\u00f3n de acudir y participar activamente&#8221;, subray\u00f3.<\/p>\n\n\n\n<p>Por otra parte, la diputada adelant\u00f3 que prevalece el compromiso de sus hom\u00f3logas de la Comisi\u00f3n de Medio Ambiente para atender de inmediato los asuntos que le sean turnados por el Pleno, con la finalidad de abatir cualquier posible rezago que pudiera generarse.<\/p>\n\n\n\n<p>Por \u00faltimo, se\u00f1al\u00f3 que la conformaci\u00f3n de las Comisiones, propuesta de la Junta de Coordinaci\u00f3n Pol\u00edtica, a cargo del diputado Esteban Bautista Hern\u00e1ndez, signific\u00f3 un hecho hist\u00f3rico, toda vez que las mujeres presiden instancias de gran relevancia y estar\u00e1n al frente de la toma de decisiones.<\/p>\n","protected":false},"excerpt":{"rendered":"<p>Xalapa, Ver.- Comisi\u00f3n Permanente de Medio Ambiente, Recursos Naturales y Cambio Clim\u00e1tico del Congreso del Estado, integrada por las diputadas Imelda Garrido Alvarado, presidenta; Ang\u00e9lica Pe\u00f1a Mart\u00ednez, secretaria, y Valeria M\u00e9ndez Moctezuma, vocal, realiz\u00f3 su instalaci\u00f3n legal y con ello se formaliza el inicio de sus trabajos. Tras la firma del acta correspondiente, la legisladora [&hellip;]<\/p>\n","protected":false},"author":2476,"featured_media":60841,"comment_status":"open","ping_status":"open","sticky":false,"template":"","format":"standard","meta":{"_jetpack_memberships_contains_paid_content":false,"footnotes":""},"categories":[2],"tags":[],"class_list":["post-60840","post","type-post","status-publish","format-standard","has-post-thumbnail","hentry","category-estado"],"jetpack_featured_media_url":"https:\/\/encuentroinformativo.com.mx\/wp-content\/uploads\/2024\/11\/IMG-20241116-WA0005.jpg","jetpack_sharing_enabled":true,"jetpack_likes_enabled":true,"amp_enabled":true,"_links":{"self":[{"href":"https:\/\/encuentroinformativo.com.mx\/index.php?rest_route=\/wp\/v2\/posts\/60840","targetHints":{"allow":["GET"]}}],"collection":[{"href":"https:\/\/encuentroinformativo.com.mx\/index.php?rest_route=\/wp\/v2\/posts"}],"about":[{"href":"https:\/\/encuentroinformativo.com.mx\/index.php?rest_route=\/wp\/v2\/types\/post"}],"author":[{"embeddable":true,"href":"https:\/\/encuentroinformativo.com.mx\/index.php?rest_route=\/wp\/v2\/users\/2476"}],"replies":[{"embeddable":true,"href":"https:\/\/encuentroinformativo.com.mx\/index.php?rest_route=%2Fwp%2Fv2%2Fcomments&post=60840"}],"version-history":[{"count":1,"href":"https:\/\/encuentroinformativo.com.mx\/index.php?rest_route=\/wp\/v2\/posts\/60840\/revisions"}],"predecessor-version":[{"id":60842,"href":"https:\/\/encuentroinformativo.com.mx\/index.php?rest_route=\/wp\/v2\/posts\/60840\/revisions\/60842"}],"wp:featuredmedia":[{"embeddable":true,"href":"https:\/\/encuentroinformativo.com.mx\/index.php?rest_route=\/wp\/v2\/media\/60841"}],"wp:attachment":[{"href":"https:\/\/encuentroinformativo.com.mx\/index.php?rest_route=%2Fwp%2Fv2%2Fmedia&parent=60840"}],"wp:term":[{"taxonomy":"category","embeddable":true,"href":"https:\/\/encuentroinformativo.com.mx\/index.php?rest_route=%2Fwp%2Fv2%2Fcategories&post=60840"},{"taxonomy":"post_tag","embeddable":true,"href":"https:\/\/encuentroinformativo.com.mx\/index.php?rest_route=%2Fwp%2Fv2%2Ftags&post=60840"}],"curies":[{"name":"wp","href":"https:\/\/api.w.org\/{rel}","templated":true}]}}