{"id":60856,"date":"2024-11-17T14:45:02","date_gmt":"2024-11-17T20:45:02","guid":{"rendered":"https:\/\/encuentroinformativo.com.mx\/?p=60856"},"modified":"2024-11-17T14:45:09","modified_gmt":"2024-11-17T20:45:09","slug":"trafico-pesado","status":"publish","type":"post","link":"https:\/\/encuentroinformativo.com.mx\/?p=60856","title":{"rendered":"Tr\u00e1fico pesado"},"content":{"rendered":"\n<p>Xalapa, Ver.- Debido a que la ruta Veracruz &#8211; Perote sigue siendo la v\u00eda alterna para quienes buscan llegar a la ciudad de Puebla o M\u00e9xico ante el cierre de Cumbres de Maltrata, el tr\u00e1fico pesado en la carretera Cardel &#8211; Xalapa se mantiene constante.<\/p>\n\n\n\n<p>Y es que aunque se observa en mayor medida el flujo de veh\u00edculos pesados en el carril que conduce a Perote, ambos sentidos observan mayor paso de trailers.<\/p>\n\n\n\n<figure class=\"wp-block-image size-large\"><img loading=\"lazy\" decoding=\"async\" width=\"835\" height=\"414\" src=\"https:\/\/encuentroinformativo.com.mx\/wp-content\/uploads\/2024\/11\/1000424883.jpg\" alt=\"\" class=\"wp-image-60858\" srcset=\"https:\/\/encuentroinformativo.com.mx\/wp-content\/uploads\/2024\/11\/1000424883.jpg 835w, https:\/\/encuentroinformativo.com.mx\/wp-content\/uploads\/2024\/11\/1000424883-300x149.jpg 300w, https:\/\/encuentroinformativo.com.mx\/wp-content\/uploads\/2024\/11\/1000424883-768x381.jpg 768w\" sizes=\"auto, (max-width: 835px) 100vw, 835px\" \/><\/figure>\n\n\n\n<figure class=\"wp-block-image size-large\"><img loading=\"lazy\" decoding=\"async\" width=\"898\" height=\"411\" src=\"https:\/\/encuentroinformativo.com.mx\/wp-content\/uploads\/2024\/11\/1000424884.jpg\" alt=\"\" class=\"wp-image-60859\" srcset=\"https:\/\/encuentroinformativo.com.mx\/wp-content\/uploads\/2024\/11\/1000424884.jpg 898w, https:\/\/encuentroinformativo.com.mx\/wp-content\/uploads\/2024\/11\/1000424884-300x137.jpg 300w, https:\/\/encuentroinformativo.com.mx\/wp-content\/uploads\/2024\/11\/1000424884-768x352.jpg 768w\" sizes=\"auto, (max-width: 898px) 100vw, 898px\" \/><\/figure>\n","protected":false},"excerpt":{"rendered":"<p>Xalapa, Ver.- Debido a que la ruta Veracruz &#8211; Perote sigue siendo la v\u00eda alterna para quienes buscan llegar a la ciudad de Puebla o M\u00e9xico ante el cierre de Cumbres de Maltrata, el tr\u00e1fico pesado en la carretera Cardel &#8211; Xalapa se mantiene constante. Y es que aunque se observa en mayor medida el [&hellip;]<\/p>\n","protected":false},"author":2476,"featured_media":60857,"comment_status":"open","ping_status":"open","sticky":false,"template":"","format":"standard","meta":{"_jetpack_memberships_contains_paid_content":false,"footnotes":""},"categories":[2],"tags":[],"class_list":["post-60856","post","type-post","status-publish","format-standard","has-post-thumbnail","hentry","category-estado"],"jetpack_featured_media_url":"https:\/\/encuentroinformativo.com.mx\/wp-content\/uploads\/2024\/11\/Photo_1731875441153.jpg","jetpack_sharing_enabled":true,"jetpack_likes_enabled":true,"amp_enabled":true,"_links":{"self":[{"href":"https:\/\/encuentroinformativo.com.mx\/index.php?rest_route=\/wp\/v2\/posts\/60856","targetHints":{"allow":["GET"]}}],"collection":[{"href":"https:\/\/encuentroinformativo.com.mx\/index.php?rest_route=\/wp\/v2\/posts"}],"about":[{"href":"https:\/\/encuentroinformativo.com.mx\/index.php?rest_route=\/wp\/v2\/types\/post"}],"author":[{"embeddable":true,"href":"https:\/\/encuentroinformativo.com.mx\/index.php?rest_route=\/wp\/v2\/users\/2476"}],"replies":[{"embeddable":true,"href":"https:\/\/encuentroinformativo.com.mx\/index.php?rest_route=%2Fwp%2Fv2%2Fcomments&post=60856"}],"version-history":[{"count":1,"href":"https:\/\/encuentroinformativo.com.mx\/index.php?rest_route=\/wp\/v2\/posts\/60856\/revisions"}],"predecessor-version":[{"id":60860,"href":"https:\/\/encuentroinformativo.com.mx\/index.php?rest_route=\/wp\/v2\/posts\/60856\/revisions\/60860"}],"wp:featuredmedia":[{"embeddable":true,"href":"https:\/\/encuentroinformativo.com.mx\/index.php?rest_route=\/wp\/v2\/media\/60857"}],"wp:attachment":[{"href":"https:\/\/encuentroinformativo.com.mx\/index.php?rest_route=%2Fwp%2Fv2%2Fmedia&parent=60856"}],"wp:term":[{"taxonomy":"category","embeddable":true,"href":"https:\/\/encuentroinformativo.com.mx\/index.php?rest_route=%2Fwp%2Fv2%2Fcategories&post=60856"},{"taxonomy":"post_tag","embeddable":true,"href":"https:\/\/encuentroinformativo.com.mx\/index.php?rest_route=%2Fwp%2Fv2%2Ftags&post=60856"}],"curies":[{"name":"wp","href":"https:\/\/api.w.org\/{rel}","templated":true}]}}