{"id":6086,"date":"2020-09-23T09:20:43","date_gmt":"2020-09-23T14:20:43","guid":{"rendered":"https:\/\/encuentroinformativo.com.mx\/?p=6086"},"modified":"2020-09-23T09:21:14","modified_gmt":"2020-09-23T14:21:14","slug":"la-lucha-yu-ju","status":"publish","type":"post","link":"https:\/\/encuentroinformativo.com.mx\/?p=6086","title":{"rendered":"La lucha Yu-Ju"},"content":{"rendered":"\n<p><strong>Los Pol\u00edticos<\/strong><\/p>\n\n\n\n<p><strong>Salvador Mu\u00f1oz<\/strong><\/p>\n\n\n\n<p>La disputa por la candidatura a la alcald\u00eda del Puerto jarocho entre los Rementer\u00eda y los Yunes se puede considerar normal porque es seguro que este escenario se repita, no s\u00f3lo en el PAN, sino en distintas fuerzas pol\u00edticas, en los 212 municipios de la entidad. Lo que no se puede considerar \u201cNormal\u201d, es la exhibici\u00f3n de v\u00edsceras, de enconos, de sus rencores, tanto de un lado como del otro. Preciso: No se puede considerar \u201cNormal\u201d en estos momentos, cuando se tiene a la vuelta de la esquina una de las pruebas de fuego para la \u201cOposici\u00f3n\u201d, en la era de la Cuarta Transformaci\u00f3n.<\/p>\n\n\n\n<p>El duelo en redes sociales que se dio la noche del lunes entre el Senador Julen y Fernando, el alcalde de Veracruz, deja entrever que esa fisura que inici\u00f3 en el Congreso local con la divisi\u00f3n de diputados albiazules, hoy, con este \u00faltimo desencuentro entre porte\u00f1os, deja en claro que ya es comparable con el Gran Ca\u00f1\u00f3n del Colorado.<\/p>\n\n\n\n<p>Agregue a esta fractura, otra exhibida: pareciera entonces que Joaqu\u00edn Guzm\u00e1n Avil\u00e9s, dirigente del PAN, es incapaz de llamar a las partes y poner fin a este conflicto que lejos de exponer el m\u00fasculo de uno como del otro, exhibe un panismo dividido en una de las zonas m\u00e1s emblem\u00e1ticas de Acci\u00f3n Nacional, como es la zona conurbada.<\/p>\n\n\n\n<p>Si algo pudiera preocupar esta ri\u00f1a pol\u00edtica entre los Rementer\u00eda y los Yunes, es que pase del Puerto a otros puntos de la entidad aunque quiz\u00e1s esto, ya sea demasiado tarde para preocuparse y lo mejor sea, ocuparse de esta divisi\u00f3n panista, que si fuera el Coronavirus, enmarcar\u00eda a la entidad con bandera roja: \u00a1la fisura est\u00e1 expandida!<\/p>\n\n\n\n<p>Queda claro que al interior del PAN ocurri\u00f3 lo mismo que pasa en muchos partidos, y surgieron grupos, tribus, hordas con sus \u201cismos\u201d y sus respectivos cotos de Poder. \u00a1Vamos! El mismo dirigente del PAN tiene su fuerza en Tantoyuca como el mismo Yunes lo tiene en el Puerto, como quiz\u00e1s lo tenga hasta cierto punto el aliado Garc\u00eda Escalante en P\u00e1nuco (nos referimos a Ricardo), Jorge Vera en \u00c1lamo, los Mancha en Tuxpan, o en Huatusco, V\u00edctor Serralde, por citar algunos. Es considerado hasta cierto punto normal estos liderazgos regionales y m\u00e1s cuando por la naturaleza de alguno de ellos, est\u00e1 el deseo de acrecentar su poder\u2026 aunque en ello, se olvide la pol\u00edtica, el quehacer pol\u00edtico y se pase a la politiquer\u00eda.<\/p>\n\n\n\n<p>Tratando de comprender a los protagonistas del esc\u00e1ndalo panista, pudi\u00e9ramos decir que se entiende el af\u00e1n por llevar cada uno a su candidato o candidata por la alcald\u00eda. No es para menos. Si me apuran, podr\u00edamos ver a Veracruz como la Joya de la Corona del panismo, como puede ser Orizaba para el pri\u00edsmo o Xalapa, Coatza o en un momento dado, Poza Rica para Morena\u2026 \u00bfqu\u00e9 militante no quisiera tener en sus manos el tesoro m\u00e1s preciado de su partido en sus manos?, aunque, insisto, los modos, las formas, en este caso, tanto de Julen como de Nando, pol\u00edticamente no sean las correctas\u2026 \u00a1claro! para los medios, su papelazo lo agradecemos, dan \u201ccarnita\u201d, dan motivo para estas l\u00edneas, o lo peor, dan pie a que el partido en el poder, se regodee viendo c\u00f3mo sus contrincantes, sus rivales pol\u00edticos, \u201cla oposici\u00f3n\u201d, se destroza en redes sociales, exhibe sus v\u00edsceras, enconos, rencores y ellos, el Poder, desde la barrera ven los toros\u2026 o los bueyes.<\/p>\n\n\n\n<p>Hasta el momento, exponemos \u201cel lado positivo\u201d de esta pugna entre porte\u00f1os\u2026 el asunto es ser malicioso, y encontrar el lado negativo de esta confrontaci\u00f3n entre los Yunes y los Rementer\u00eda: m\u00e1s all\u00e1 de una candidatura, un apellido o un partido, est\u00e1 en juego m\u00e1s de dos mil millones de pesos anuales de presupuesto, de los m\u00e1s jugosos que hay en la entidad\u2026 luego entonces, con qu\u00e9 nos quedamos: \u00bfcon una pugna pol\u00edtica\u2026 o una lucha por el poder econ\u00f3mico que implica el ayuntamiento de Veracruz?<\/p>\n\n\n\n<p><a href=\"mailto:smcainito@gmail.com\" target=\"_blank\" rel=\"noreferrer noopener\">smcainito@gmail.com<\/a><\/p>\n","protected":false},"excerpt":{"rendered":"<p>Los Pol\u00edticos Salvador Mu\u00f1oz La disputa por la candidatura a la alcald\u00eda del Puerto jarocho entre los Rementer\u00eda y los Yunes se puede considerar normal porque es seguro que este escenario se repita, no s\u00f3lo en el PAN, sino en distintas fuerzas pol\u00edticas, en los 212 municipios de la entidad. Lo que no se puede [&hellip;]<\/p>\n","protected":false},"author":1,"featured_media":387,"comment_status":"open","ping_status":"open","sticky":false,"template":"","format":"aside","meta":{"_jetpack_memberships_contains_paid_content":false,"footnotes":""},"categories":[11],"tags":[],"class_list":["post-6086","post","type-post","status-publish","format-aside","has-post-thumbnail","hentry","category-opinion","post_format-post-format-aside"],"jetpack_featured_media_url":"https:\/\/encuentroinformativo.com.mx\/wp-content\/uploads\/2020\/03\/7CF8A22B-2764-47BE-8F7F-38FE9E5D6A2F.jpeg","jetpack_sharing_enabled":true,"jetpack_likes_enabled":true,"amp_enabled":true,"_links":{"self":[{"href":"https:\/\/encuentroinformativo.com.mx\/index.php?rest_route=\/wp\/v2\/posts\/6086","targetHints":{"allow":["GET"]}}],"collection":[{"href":"https:\/\/encuentroinformativo.com.mx\/index.php?rest_route=\/wp\/v2\/posts"}],"about":[{"href":"https:\/\/encuentroinformativo.com.mx\/index.php?rest_route=\/wp\/v2\/types\/post"}],"author":[{"embeddable":true,"href":"https:\/\/encuentroinformativo.com.mx\/index.php?rest_route=\/wp\/v2\/users\/1"}],"replies":[{"embeddable":true,"href":"https:\/\/encuentroinformativo.com.mx\/index.php?rest_route=%2Fwp%2Fv2%2Fcomments&post=6086"}],"version-history":[{"count":1,"href":"https:\/\/encuentroinformativo.com.mx\/index.php?rest_route=\/wp\/v2\/posts\/6086\/revisions"}],"predecessor-version":[{"id":6087,"href":"https:\/\/encuentroinformativo.com.mx\/index.php?rest_route=\/wp\/v2\/posts\/6086\/revisions\/6087"}],"wp:featuredmedia":[{"embeddable":true,"href":"https:\/\/encuentroinformativo.com.mx\/index.php?rest_route=\/wp\/v2\/media\/387"}],"wp:attachment":[{"href":"https:\/\/encuentroinformativo.com.mx\/index.php?rest_route=%2Fwp%2Fv2%2Fmedia&parent=6086"}],"wp:term":[{"taxonomy":"category","embeddable":true,"href":"https:\/\/encuentroinformativo.com.mx\/index.php?rest_route=%2Fwp%2Fv2%2Fcategories&post=6086"},{"taxonomy":"post_tag","embeddable":true,"href":"https:\/\/encuentroinformativo.com.mx\/index.php?rest_route=%2Fwp%2Fv2%2Ftags&post=6086"}],"curies":[{"name":"wp","href":"https:\/\/api.w.org\/{rel}","templated":true}]}}