{"id":60867,"date":"2024-11-18T13:03:31","date_gmt":"2024-11-18T19:03:31","guid":{"rendered":"https:\/\/encuentroinformativo.com.mx\/?p=60867"},"modified":"2024-11-18T13:03:35","modified_gmt":"2024-11-18T19:03:35","slug":"en-veracruz-deberian-preocuparse-por-dar-certeza-juridica-a-personas-en-la-carcel-diputado","status":"publish","type":"post","link":"https:\/\/encuentroinformativo.com.mx\/?p=60867","title":{"rendered":"En Veracruz deber\u00edan preocuparse por dar certeza jur\u00eddica a personas en la c\u00e1rcel: Diputado"},"content":{"rendered":"\n<p><strong>Alejandro \u00c1vila<\/strong><\/p>\n\n\n\n<p>Veracruz, Ver.- El legislador veracruzano del partido Movimiento Ciudadano (MC), Sergio Gil Rull\u00e1n, calific\u00f3 como una &#8220;verg\u00fcenza&#8221; que el partido en el poder y su mayor\u00eda artificial busquen c\u00f3mo meter m\u00e1s j\u00f3venes, mujeres y personas sin recursos a la c\u00e1rcel en lugar de dar certeza a las m\u00e1s de 230 mil personas que est\u00e1n en prisi\u00f3n sin juicio y sin sentencia.<\/p>\n\n\n\n<p>Lo anterior fue manifestado en la discusi\u00f3n del dictamen por el que se ampl\u00eda el cat\u00e1logo de delitos que ameritan prisi\u00f3n preventiva oficiosa en el Pleno de la C\u00e1mara de Diputados.<\/p>\n\n\n\n<p>El Diputado de la Bancada Naranja conden\u00f3 que en su Estado \u201cla prisi\u00f3n preventiva oficiosa ha sido utilizada por una Fiscal\u00eda de Veracruz, peque\u00f1a y mediocre, como un ariete pol\u00edtico.\u201d<\/p>\n\n\n\n<p>Adem\u00e1s, agreg\u00f3 que \u201cla Fiscal\u00eda no escucha las recomendaciones sobre Derechos Humanos.\u201d<\/p>\n\n\n\n<p>\u201cSeguiremos luchando contra la prisi\u00f3n preventiva oficiosa porque se trata de construir paz, justicia y construcci\u00f3n social y no s\u00f3lo tener gente tras las barras, y tener gente encarcelada. Hoy con esta hacha que est\u00e1n afilando porque se sienten carniceros, recuerden que los carniceros de hoy ser\u00e1n las reses del ma\u00f1ana.\u201d concluy\u00f3.<\/p>\n","protected":false},"excerpt":{"rendered":"<p>Alejandro \u00c1vila Veracruz, Ver.- El legislador veracruzano del partido Movimiento Ciudadano (MC), Sergio Gil Rull\u00e1n, calific\u00f3 como una &#8220;verg\u00fcenza&#8221; que el partido en el poder y su mayor\u00eda artificial busquen c\u00f3mo meter m\u00e1s j\u00f3venes, mujeres y personas sin recursos a la c\u00e1rcel en lugar de dar certeza a las m\u00e1s de 230 mil personas que [&hellip;]<\/p>\n","protected":false},"author":2476,"featured_media":60868,"comment_status":"open","ping_status":"open","sticky":false,"template":"","format":"standard","meta":{"_jetpack_memberships_contains_paid_content":false,"footnotes":""},"categories":[12],"tags":[],"class_list":["post-60867","post","type-post","status-publish","format-standard","has-post-thumbnail","hentry","category-nacional"],"jetpack_featured_media_url":"https:\/\/encuentroinformativo.com.mx\/wp-content\/uploads\/2024\/11\/IMG-20241118-WA0003.jpg","jetpack_sharing_enabled":true,"jetpack_likes_enabled":true,"amp_enabled":true,"_links":{"self":[{"href":"https:\/\/encuentroinformativo.com.mx\/index.php?rest_route=\/wp\/v2\/posts\/60867","targetHints":{"allow":["GET"]}}],"collection":[{"href":"https:\/\/encuentroinformativo.com.mx\/index.php?rest_route=\/wp\/v2\/posts"}],"about":[{"href":"https:\/\/encuentroinformativo.com.mx\/index.php?rest_route=\/wp\/v2\/types\/post"}],"author":[{"embeddable":true,"href":"https:\/\/encuentroinformativo.com.mx\/index.php?rest_route=\/wp\/v2\/users\/2476"}],"replies":[{"embeddable":true,"href":"https:\/\/encuentroinformativo.com.mx\/index.php?rest_route=%2Fwp%2Fv2%2Fcomments&post=60867"}],"version-history":[{"count":1,"href":"https:\/\/encuentroinformativo.com.mx\/index.php?rest_route=\/wp\/v2\/posts\/60867\/revisions"}],"predecessor-version":[{"id":60869,"href":"https:\/\/encuentroinformativo.com.mx\/index.php?rest_route=\/wp\/v2\/posts\/60867\/revisions\/60869"}],"wp:featuredmedia":[{"embeddable":true,"href":"https:\/\/encuentroinformativo.com.mx\/index.php?rest_route=\/wp\/v2\/media\/60868"}],"wp:attachment":[{"href":"https:\/\/encuentroinformativo.com.mx\/index.php?rest_route=%2Fwp%2Fv2%2Fmedia&parent=60867"}],"wp:term":[{"taxonomy":"category","embeddable":true,"href":"https:\/\/encuentroinformativo.com.mx\/index.php?rest_route=%2Fwp%2Fv2%2Fcategories&post=60867"},{"taxonomy":"post_tag","embeddable":true,"href":"https:\/\/encuentroinformativo.com.mx\/index.php?rest_route=%2Fwp%2Fv2%2Ftags&post=60867"}],"curies":[{"name":"wp","href":"https:\/\/api.w.org\/{rel}","templated":true}]}}