{"id":60878,"date":"2024-11-18T13:20:34","date_gmt":"2024-11-18T19:20:34","guid":{"rendered":"https:\/\/encuentroinformativo.com.mx\/?p=60878"},"modified":"2024-11-18T13:20:40","modified_gmt":"2024-11-18T19:20:40","slug":"proyecto-de-presupuesto-de-fiscalia-incluye-centro-de-identificacion-en-palo-verde","status":"publish","type":"post","link":"https:\/\/encuentroinformativo.com.mx\/?p=60878","title":{"rendered":"Proyecto de presupuesto de Fiscal\u00eda incluye centro de identificaci\u00f3n en Palo Verde"},"content":{"rendered":"\n<p><strong>Dar\u00edo Pale <\/strong><\/p>\n\n\n\n<p>Xalapa, Ver.- La titular de la Fiscal\u00eda General del Estado (FGE), Ver\u00f3nica Hern\u00e1ndez Giad\u00e1ns, inform\u00f3 que para el presupuesto 2025 est\u00e1 contemplado un proyecto para la construcci\u00f3n de un laboratorio para los trabajos de identificaci\u00f3n de restos humanos, en el Pante\u00f3n de Palo Verde.<\/p>\n\n\n\n<p>Entrevistada a su arribo a la comparecencia del Secretario de Gobierno en el Congreso del Estado se\u00f1al\u00f3 que, &#8220;es un proyecto, en el presupuesto 2025 ya est\u00e1 contemplado este laboratorio y vamos a avanzar e informar el inicio de esta construcci\u00f3n&#8221;.\u00a0<\/p>\n\n\n\n<p>La fiscal indic\u00f3 que las fosas clandestinas encontradas en el Pante\u00f3n de Palo Verde es un tema que se ha hablado con los colectivos, por lo que en este sentido, admiti\u00f3 que se requiere de infraestructura para atender estos pendientes.\u00a0<\/p>\n\n\n\n<p>&#8220;Es un tema que se ha hablado con colectivos, se requiere de infraestructura para atenderlo y esperamos que pronto podamos iniciar un laboratorio porque es necesario para poder trabajar, eso se ha hablado con los colectivos, tenemos que ser muy responsables para atender esos temas y tenemos que atenderlos poco a poco&#8221;, se\u00f1al\u00f3.<\/p>\n\n\n\n<p>Subray\u00f3 que es necesario contar con dicha infraestructura para poder atender las demandas de los colectivos de personas desaparecidas.<\/p>\n\n\n\n<p>&#8220;Esperamos que pronto podamos iniciar un laboratorio de antropolog\u00eda porque es necesario.<\/p>\n\n\n\n<p>Debemos ser ser muy responsables para poder atender esos temas y vamos a ir avanzando poco a poco&#8221;.<\/p>\n\n\n\n<p>Por \u00faltimo cabe mencionar que el proyecto se cancel\u00f3 este a\u00f1o debido a la inconformidad de algunos vecinos que pensaron en su momento que se tratar\u00eda de un SEMEFO.<\/p>\n","protected":false},"excerpt":{"rendered":"<p>Dar\u00edo Pale Xalapa, Ver.- La titular de la Fiscal\u00eda General del Estado (FGE), Ver\u00f3nica Hern\u00e1ndez Giad\u00e1ns, inform\u00f3 que para el presupuesto 2025 est\u00e1 contemplado un proyecto para la construcci\u00f3n de un laboratorio para los trabajos de identificaci\u00f3n de restos humanos, en el Pante\u00f3n de Palo Verde. Entrevistada a su arribo a la comparecencia del Secretario [&hellip;]<\/p>\n","protected":false},"author":2476,"featured_media":60879,"comment_status":"open","ping_status":"open","sticky":false,"template":"","format":"standard","meta":{"_jetpack_memberships_contains_paid_content":false,"footnotes":""},"categories":[2],"tags":[],"class_list":["post-60878","post","type-post","status-publish","format-standard","has-post-thumbnail","hentry","category-estado"],"jetpack_featured_media_url":"https:\/\/encuentroinformativo.com.mx\/wp-content\/uploads\/2024\/11\/IMG-20241118-WA0014.jpg","jetpack_sharing_enabled":true,"jetpack_likes_enabled":true,"amp_enabled":true,"_links":{"self":[{"href":"https:\/\/encuentroinformativo.com.mx\/index.php?rest_route=\/wp\/v2\/posts\/60878","targetHints":{"allow":["GET"]}}],"collection":[{"href":"https:\/\/encuentroinformativo.com.mx\/index.php?rest_route=\/wp\/v2\/posts"}],"about":[{"href":"https:\/\/encuentroinformativo.com.mx\/index.php?rest_route=\/wp\/v2\/types\/post"}],"author":[{"embeddable":true,"href":"https:\/\/encuentroinformativo.com.mx\/index.php?rest_route=\/wp\/v2\/users\/2476"}],"replies":[{"embeddable":true,"href":"https:\/\/encuentroinformativo.com.mx\/index.php?rest_route=%2Fwp%2Fv2%2Fcomments&post=60878"}],"version-history":[{"count":1,"href":"https:\/\/encuentroinformativo.com.mx\/index.php?rest_route=\/wp\/v2\/posts\/60878\/revisions"}],"predecessor-version":[{"id":60880,"href":"https:\/\/encuentroinformativo.com.mx\/index.php?rest_route=\/wp\/v2\/posts\/60878\/revisions\/60880"}],"wp:featuredmedia":[{"embeddable":true,"href":"https:\/\/encuentroinformativo.com.mx\/index.php?rest_route=\/wp\/v2\/media\/60879"}],"wp:attachment":[{"href":"https:\/\/encuentroinformativo.com.mx\/index.php?rest_route=%2Fwp%2Fv2%2Fmedia&parent=60878"}],"wp:term":[{"taxonomy":"category","embeddable":true,"href":"https:\/\/encuentroinformativo.com.mx\/index.php?rest_route=%2Fwp%2Fv2%2Fcategories&post=60878"},{"taxonomy":"post_tag","embeddable":true,"href":"https:\/\/encuentroinformativo.com.mx\/index.php?rest_route=%2Fwp%2Fv2%2Ftags&post=60878"}],"curies":[{"name":"wp","href":"https:\/\/api.w.org\/{rel}","templated":true}]}}