{"id":60881,"date":"2024-11-18T13:41:04","date_gmt":"2024-11-18T19:41:04","guid":{"rendered":"https:\/\/encuentroinformativo.com.mx\/?p=60881"},"modified":"2024-11-18T13:41:09","modified_gmt":"2024-11-18T19:41:09","slug":"orfis-ha-realizado-observaciones-recurrentes-a-siop","status":"publish","type":"post","link":"https:\/\/encuentroinformativo.com.mx\/?p=60881","title":{"rendered":"ORFIS ha realizado observaciones recurrentes a SIOP"},"content":{"rendered":"\n<p><strong>Dar\u00edo Pale <\/strong><\/p>\n\n\n\n<p>Xalapa, Ver.- El \u00d3rgano de Fiscalizaci\u00f3n Superior (ORFIS) ha se\u00f1alado faltas de SIOP en cada ejercicio presupuestal, y a\u00fan no han comprobado todas las observaciones por presunto da\u00f1o patrimonial, as\u00ed lo dio a conocer la auditora general del \u00d3rgano de Fiscalizaci\u00f3n Delia Gonz\u00e1lez Cobos.<\/p>\n\n\n\n<p>Entrevistada en el Congreso del Estado, asegur\u00f3 que en cada uno de los ejercicios presupuestales de la presente administraci\u00f3n, se le han hecho observaciones a la Secretar\u00eda de Infraestructura y Obras P\u00fablicas (SIOP), dependencia que hoy fue acusada por el senador Manuel Huerta de\u00a0 robarse recursos.<\/p>\n\n\n\n<p>&#8220;En todos los casos hicimos los se\u00f1alamientos de las obras que detectamos que no estaban concluidas y obras que ni siquiera exist\u00edan, s\u00ed hemos estado haciendo esos se\u00f1alamientos en cada ejercicio que hemos revisado, de ah\u00ed que alg\u00fan ente fiscalizable pudiera serle imposible aclarar las observaciones de da\u00f1o que en su momento se\u00f1alamos&#8221;, se\u00f1al\u00f3.<\/p>\n\n\n\n<p>Afirm\u00f3 que el ORFIS ha hecho los se\u00f1alamientos correspondientes en cada ejercicio presupuestal, sin embargo, todav\u00eda no han quedado aclarados, pero espera que en lo que resta de la administraci\u00f3n puedan solventar las observaciones.<\/p>\n\n\n\n<p>De no hacerlo, entonces caer\u00edan en los supuestos de responsabilidad que establece la Ley General de Responsabilidades de los Servidores P\u00fablicos, y en esos casos, lo que procede son sanciones que determina el Tribunal de Justicia Administrativa de Veracruz (TRIJAEV) o la Fiscal\u00eda General del Estado.<\/p>\n\n\n\n<p>Ah\u00ed, consider\u00f3 que es inter\u00e9s de los ciudadanos disminuir los plazos de solventaci\u00f3n, &#8220;advertimos que se requiere modificar el marco jur\u00eddico, porque los plazos establecidos en Ley hasta ahora, s\u00ed son prolongados&#8221;.<\/p>\n\n\n\n<p>Record\u00f3 que en otras legislaturas propusieron las modificaciones pertinentes, pero manifest\u00f3 que en la actual diputaci\u00f3n tienen confianza para hacerlo y tener \u00e9xito.<\/p>\n\n\n\n<p>&#8220;Porque desde la comunicaci\u00f3n requerimos que sea m\u00e1s \u00e1gil y con mejores recursos, es una necesidad imperiosa en estos tiempos que es tan f\u00e1cil la comunicaci\u00f3n electr\u00f3nica. Nosotros requerimos que los procedimientos se hagan de esa manera&#8221;, coment\u00f3.<\/p>\n\n\n\n<p>Gonz\u00e1lez Cobos admiti\u00f3 que en el caso de las contralor\u00edas internas, quienes debieran detectar en primera instancia alguna anomal\u00eda; requieren de capacitaci\u00f3n.<\/p>\n\n\n\n<p>&#8220;Creo que lo que falta es capacitaci\u00f3n. No creo que sean un gasto innecesario, creo que debieran tener una mayor capacitaci\u00f3n y que debieran estar haciendo un trabajo m\u00e1s exhaustivo, pero creo que s\u00ed se pueden fortalecer&#8221;, indic\u00f3.<\/p>\n\n\n\n<p>Finalmente la auditora opin\u00f3 de manera general que la administraci\u00f3n de Cuitl\u00e1huac Garc\u00eda Jim\u00e9nez hizo un gran esfuerzo para aclarar los temas pendientes con el ente fiscalizador, por lo que no duda que en su momento todo quede aclarado.<\/p>\n","protected":false},"excerpt":{"rendered":"<p>Dar\u00edo Pale Xalapa, Ver.- El \u00d3rgano de Fiscalizaci\u00f3n Superior (ORFIS) ha se\u00f1alado faltas de SIOP en cada ejercicio presupuestal, y a\u00fan no han comprobado todas las observaciones por presunto da\u00f1o patrimonial, as\u00ed lo dio a conocer la auditora general del \u00d3rgano de Fiscalizaci\u00f3n Delia Gonz\u00e1lez Cobos. Entrevistada en el Congreso del Estado, asegur\u00f3 que en [&hellip;]<\/p>\n","protected":false},"author":2476,"featured_media":60882,"comment_status":"open","ping_status":"open","sticky":false,"template":"","format":"standard","meta":{"_jetpack_memberships_contains_paid_content":false,"footnotes":""},"categories":[2],"tags":[],"class_list":["post-60881","post","type-post","status-publish","format-standard","has-post-thumbnail","hentry","category-estado"],"jetpack_featured_media_url":"https:\/\/encuentroinformativo.com.mx\/wp-content\/uploads\/2024\/11\/IMG-20241118-WA00272.jpg","jetpack_sharing_enabled":true,"jetpack_likes_enabled":true,"amp_enabled":true,"_links":{"self":[{"href":"https:\/\/encuentroinformativo.com.mx\/index.php?rest_route=\/wp\/v2\/posts\/60881","targetHints":{"allow":["GET"]}}],"collection":[{"href":"https:\/\/encuentroinformativo.com.mx\/index.php?rest_route=\/wp\/v2\/posts"}],"about":[{"href":"https:\/\/encuentroinformativo.com.mx\/index.php?rest_route=\/wp\/v2\/types\/post"}],"author":[{"embeddable":true,"href":"https:\/\/encuentroinformativo.com.mx\/index.php?rest_route=\/wp\/v2\/users\/2476"}],"replies":[{"embeddable":true,"href":"https:\/\/encuentroinformativo.com.mx\/index.php?rest_route=%2Fwp%2Fv2%2Fcomments&post=60881"}],"version-history":[{"count":1,"href":"https:\/\/encuentroinformativo.com.mx\/index.php?rest_route=\/wp\/v2\/posts\/60881\/revisions"}],"predecessor-version":[{"id":60883,"href":"https:\/\/encuentroinformativo.com.mx\/index.php?rest_route=\/wp\/v2\/posts\/60881\/revisions\/60883"}],"wp:featuredmedia":[{"embeddable":true,"href":"https:\/\/encuentroinformativo.com.mx\/index.php?rest_route=\/wp\/v2\/media\/60882"}],"wp:attachment":[{"href":"https:\/\/encuentroinformativo.com.mx\/index.php?rest_route=%2Fwp%2Fv2%2Fmedia&parent=60881"}],"wp:term":[{"taxonomy":"category","embeddable":true,"href":"https:\/\/encuentroinformativo.com.mx\/index.php?rest_route=%2Fwp%2Fv2%2Fcategories&post=60881"},{"taxonomy":"post_tag","embeddable":true,"href":"https:\/\/encuentroinformativo.com.mx\/index.php?rest_route=%2Fwp%2Fv2%2Ftags&post=60881"}],"curies":[{"name":"wp","href":"https:\/\/api.w.org\/{rel}","templated":true}]}}