{"id":60884,"date":"2024-11-18T19:35:30","date_gmt":"2024-11-19T01:35:30","guid":{"rendered":"https:\/\/encuentroinformativo.com.mx\/?p=60884"},"modified":"2024-11-18T19:35:36","modified_gmt":"2024-11-19T01:35:36","slug":"aparatosa-volcadura-de-trailer-en-alvarado","status":"publish","type":"post","link":"https:\/\/encuentroinformativo.com.mx\/?p=60884","title":{"rendered":"Aparatosa volcadura de tr\u00e1iler en Alvarado"},"content":{"rendered":"\n<p><strong>Alejandro \u00c1vila<\/strong><\/p>\n\n\n\n<p>Alvarado, Ver.- Una aparatosa volcadura de tr\u00e1iler se registr\u00f3 la tarde de este lunes a la altura de la curva de Tecolapilla en el municipio de Alvarado.<\/p>\n\n\n\n<p>El conductor de la unidad de carga identificado como Edgar Ad\u00e1n Mart\u00ednez de 31 a\u00f1os y con domicilio en la ciudad de Veracruz, habr\u00eda tenido un percance que lo llev\u00f3 a volcar fuera de la carretera federal 180, provoc\u00e1ndose lesiones.<\/p>\n\n\n\n<p>Tras el reporte del accidente, personal del Servicio Integral de Emergencias M\u00e9dicas (SIEM) de Lerdo de Tejada, llegaron al sitio a bordo de una ambulancia para brindarle atenci\u00f3n al herido que fue trasladado al IMSS del municipio de Lerdo de Tejada.<\/p>\n\n\n\n<p>El conductor quien trasladaba en la unidad de carga tabaco procedente de San Andr\u00e9s Tuxtla, fue ingresado al nosocomio y ser\u00e1 dado de alta en las pr\u00f3ximas horas cu\u00e1ndo se recupere en su totalidad de las lesiones sufridas.<\/p>\n\n\n\n<figure class=\"wp-block-image size-large\"><img loading=\"lazy\" decoding=\"async\" width=\"1024\" height=\"708\" src=\"https:\/\/encuentroinformativo.com.mx\/wp-content\/uploads\/2024\/11\/1000425773-1024x708.jpg\" alt=\"\" class=\"wp-image-60886\" srcset=\"https:\/\/encuentroinformativo.com.mx\/wp-content\/uploads\/2024\/11\/1000425773-1024x708.jpg 1024w, https:\/\/encuentroinformativo.com.mx\/wp-content\/uploads\/2024\/11\/1000425773-300x208.jpg 300w, https:\/\/encuentroinformativo.com.mx\/wp-content\/uploads\/2024\/11\/1000425773-768x531.jpg 768w, https:\/\/encuentroinformativo.com.mx\/wp-content\/uploads\/2024\/11\/1000425773.jpg 1080w\" sizes=\"auto, (max-width: 1024px) 100vw, 1024px\" \/><\/figure>\n","protected":false},"excerpt":{"rendered":"<p>Alejandro \u00c1vila Alvarado, Ver.- Una aparatosa volcadura de tr\u00e1iler se registr\u00f3 la tarde de este lunes a la altura de la curva de Tecolapilla en el municipio de Alvarado. El conductor de la unidad de carga identificado como Edgar Ad\u00e1n Mart\u00ednez de 31 a\u00f1os y con domicilio en la ciudad de Veracruz, habr\u00eda tenido un [&hellip;]<\/p>\n","protected":false},"author":2476,"featured_media":60885,"comment_status":"open","ping_status":"open","sticky":false,"template":"","format":"standard","meta":{"_jetpack_memberships_contains_paid_content":false,"footnotes":""},"categories":[2],"tags":[],"class_list":["post-60884","post","type-post","status-publish","format-standard","has-post-thumbnail","hentry","category-estado"],"jetpack_featured_media_url":"https:\/\/encuentroinformativo.com.mx\/wp-content\/uploads\/2024\/11\/IMG-20241118-WA0146.jpg","jetpack_sharing_enabled":true,"jetpack_likes_enabled":true,"amp_enabled":true,"_links":{"self":[{"href":"https:\/\/encuentroinformativo.com.mx\/index.php?rest_route=\/wp\/v2\/posts\/60884","targetHints":{"allow":["GET"]}}],"collection":[{"href":"https:\/\/encuentroinformativo.com.mx\/index.php?rest_route=\/wp\/v2\/posts"}],"about":[{"href":"https:\/\/encuentroinformativo.com.mx\/index.php?rest_route=\/wp\/v2\/types\/post"}],"author":[{"embeddable":true,"href":"https:\/\/encuentroinformativo.com.mx\/index.php?rest_route=\/wp\/v2\/users\/2476"}],"replies":[{"embeddable":true,"href":"https:\/\/encuentroinformativo.com.mx\/index.php?rest_route=%2Fwp%2Fv2%2Fcomments&post=60884"}],"version-history":[{"count":1,"href":"https:\/\/encuentroinformativo.com.mx\/index.php?rest_route=\/wp\/v2\/posts\/60884\/revisions"}],"predecessor-version":[{"id":60887,"href":"https:\/\/encuentroinformativo.com.mx\/index.php?rest_route=\/wp\/v2\/posts\/60884\/revisions\/60887"}],"wp:featuredmedia":[{"embeddable":true,"href":"https:\/\/encuentroinformativo.com.mx\/index.php?rest_route=\/wp\/v2\/media\/60885"}],"wp:attachment":[{"href":"https:\/\/encuentroinformativo.com.mx\/index.php?rest_route=%2Fwp%2Fv2%2Fmedia&parent=60884"}],"wp:term":[{"taxonomy":"category","embeddable":true,"href":"https:\/\/encuentroinformativo.com.mx\/index.php?rest_route=%2Fwp%2Fv2%2Fcategories&post=60884"},{"taxonomy":"post_tag","embeddable":true,"href":"https:\/\/encuentroinformativo.com.mx\/index.php?rest_route=%2Fwp%2Fv2%2Ftags&post=60884"}],"curies":[{"name":"wp","href":"https:\/\/api.w.org\/{rel}","templated":true}]}}