{"id":6089,"date":"2020-09-23T09:51:40","date_gmt":"2020-09-23T14:51:40","guid":{"rendered":"https:\/\/encuentroinformativo.com.mx\/?p=6089"},"modified":"2020-09-23T09:28:07","modified_gmt":"2020-09-23T14:28:07","slug":"ahued-para-alcalde","status":"publish","type":"post","link":"https:\/\/encuentroinformativo.com.mx\/?p=6089","title":{"rendered":"\u00bfAHUED PARA ALCALDE?"},"content":{"rendered":"\n<ul class=\"wp-block-list\"><li>Viene AMLO a Xalapa, Veracruz y C\u00f3rdoba.<\/li><li>Polo Tiktok y sus muertos que cobran.<\/li><li>Descanse en paz, Henri Correa.<\/li><\/ul>\n\n\n\n<p>Guerra fif\u00ed entre los Yunes y los Rementer\u00eda por la alcald\u00eda de Veracruz.<br>&#8211;Chopenjawer<\/p>\n\n\n\n<p>En algunas c\u00fapulas del altiplano se maneja la posibilidad de que sea Ricardo Ahued Bardahuil el candidato a la presidencia municipal de Xalapa.<\/p>\n\n\n\n<p>Lo anterior no carece de l\u00f3gica, ya que el comerciante y pol\u00edtico tiene una muy buena imagen entre los xalape\u00f1os y es muy conocido, adem\u00e1s de que ya fue alcalde de la capital veracruzana y no hizo un mal papel.<\/p>\n\n\n\n<p>Lo de Ahued proviene de la hip\u00f3tesis de que Morena no se puede arriesgar a perder la plaza de Xalapa ante un descontento por la administraci\u00f3n municipal local, que parece s\u00f3lo se qued\u00f3 en tener buenas intenciones.<\/p>\n\n\n\n<p>Por eso es que no est\u00e1n viendo con malos ojos que en su momento Ricardo Ahued sea la opci\u00f3n segura para ganar la presidencia municipal, y que adem\u00e1s sirva de punta de lanza no s\u00f3lo en el municipio, sino en todo el distrito local y federal, donde podr\u00edan ir las actuales legisladoras Dorheny Cayetano y Rosalinda Galindo, respectivamente.<\/p>\n\n\n\n<p>Ahued tambi\u00e9n, si llegase a ser alcalde, ser\u00eda candidato natural a la gubernatura (casi todos los alcaldes de Xalapa se manejan como tal) y podr\u00eda tener esa plataforma para ganarse a pulso la nominaci\u00f3n, metiendo orden en el palacio municipal y volviendo a colocar a Xalapa en el nivel que merece.<\/p>\n\n\n\n<p>Aparte, muchos grupos &#8211;la mayor\u00eda resentidos con Morena&#8211; apoyar\u00edan sin problema al actual senador, porque \u00e9ste se lleva bien con ellos; incluso tiene tratos hasta con los detractores de la 4T.<\/p>\n\n\n\n<p>Otro factor para tomar en cuenta es que si llega Am\u00e9rico Z\u00fa\u00f1iga como candidato del PRI, \u00e9ste podr\u00eda darle un susto a Morena, pues tampoco fue mal alcalde y es ampliamente conocido en la capital. A lo anterior, s\u00famense los recursos que pueda tener David Velasco Chedraui, a quien ya ven como seguro candidato de la alianza PAN\/PRD.<\/p>\n\n\n\n<p>En este hipot\u00e9tico escenario de Ahued siendo el candidato a la alcald\u00eda, la joven Dorheny Cayetano podr\u00eda sin bronca llegar a la pr\u00f3xima legislatura local y convertirse en personaje clave y muy importante dentro del Congreso del Estado; de hecho, a la actual administraci\u00f3n estatal lo que le convendr\u00eda m\u00e1s ser\u00eda no perder la mayor\u00eda y el control del Poder Legislativo, por lo que la selecci\u00f3n de los candidatos debe ser sumamente analizada y cuidadosa.<\/p>\n\n\n\n<p>Mismo caso de la diputada Rosalinda, quien si llega a tener la nominaci\u00f3n para la federal, sin problemas tambi\u00e9n podr\u00eda llegar y asegurar el distrito para la 4T.<\/p>\n\n\n\n<p>Todo est\u00e1 en veremos. Falta mucho y es s\u00f3lo un rumor, de tantos que pueden surgir, pero no es descabellado\u2026<\/p>\n\n\n\n<p><strong>NOTA PARA PEGAR EN EL REFRI:<\/strong> El presidente Andr\u00e9s Manuel L\u00f3pez Obrador dio a conocer que estar\u00e1 este fin de semana por la entidad veracruzana, y que estar\u00e1 visitando las ciudades de Xalapa, Veracruz y C\u00f3rdoba, en una gira que iniciar\u00e1 por la tarde del s\u00e1bado (por la ma\u00f1ana atiende asuntos del tema Ayotzinapa en Palacio Nacional) y terminar\u00e1 el domingo, regres\u00e1ndose a la CDMX; el mismo titular del Ejecutivo dijo, en su conferencia ma\u00f1anera de este martes, que su visita a tierras jarochas es para evaluar programas del bienestar social, pero que adem\u00e1s ver\u00e1 el tema de Coatepec, donde invasores tienen tomados terrenos en la sierra, justo donde se capta el agua para la ciudad\u2026 De paso, tambi\u00e9n dio calorcito: &#8220;ahora tenemos la garant\u00eda de que el gobernador Cuitl\u00e1huac Garc\u00eda es un hombre honesto, de convicciones, de principios\u2026 si se tratara de los anteriores, s\u00ed es como para decir, \u00a1ay nanita!, pero Cuitl\u00e1huac es un hombre profundamente humano, una buena persona, con convicciones y principios&#8221;.<\/p>\n\n\n\n<p><strong>OTRA NOTA: <\/strong>Resulta que en el ayuntamiento de Medell\u00edn cobran en la n\u00f3mina hasta muertos, seg\u00fan documentos que dieron a conocer regidores de oposici\u00f3n. En la n\u00f3mina tambi\u00e9n aparecen personas que son funcionarios del PAN, amigos del alcalde y varios aviadores. S\u00f3lo en un caso, est\u00e1 Rub\u00e9n Acevedo V\u00e1zquez, quien fue dado de baja cuando tom\u00f3 posesi\u00f3n del cargo en Acci\u00f3n Nacional, pero al d\u00eda de hoy cobra casi 208 mil pesos anuales, algo as\u00ed como 19 mil pesos al mes\u2026 Seguramente el alcalde ni enterado estaba, con eso de que est\u00e1 m\u00e1s dedicado a hacerse el chistoso haciendo videos de TikTok, en lugar de gobernar.<\/p>\n\n\n\n<p><strong>LA \u00daLTIMA PORQUE MALITO PANCITA: <\/strong>Una gran p\u00e9rdida para el periodismo deportivo en la entidad: falleci\u00f3 el cronista Henri Correa. Toda una escuela en ese g\u00e9nero y muy apreciado por la flota period\u00edstica. Este domingo, apenas acababa de cumplir 70 a\u00f1os, por lo que su fallecimiento sorprendi\u00f3 a muchos. Descanse en paz, el maestro.<\/p>\n\n\n\n<p><strong>@pablojair<\/strong><\/p>\n","protected":false},"excerpt":{"rendered":"<p>Viene AMLO a Xalapa, Veracruz y C\u00f3rdoba. Polo Tiktok y sus muertos que cobran. Descanse en paz, Henri Correa. Guerra fif\u00ed entre los Yunes y los Rementer\u00eda por la alcald\u00eda de Veracruz.&#8211;Chopenjawer En algunas c\u00fapulas del altiplano se maneja la posibilidad de que sea Ricardo Ahued Bardahuil el candidato a la presidencia municipal de Xalapa. [&hellip;]<\/p>\n","protected":false},"author":1,"featured_media":488,"comment_status":"open","ping_status":"open","sticky":false,"template":"","format":"aside","meta":{"_jetpack_memberships_contains_paid_content":false,"footnotes":""},"categories":[11],"tags":[],"class_list":["post-6089","post","type-post","status-publish","format-aside","has-post-thumbnail","hentry","category-opinion","post_format-post-format-aside"],"jetpack_featured_media_url":"https:\/\/encuentroinformativo.com.mx\/wp-content\/uploads\/2020\/03\/F471F608-BA1A-416B-BA7B-BCFB24F4E6D0.jpeg","jetpack_sharing_enabled":true,"jetpack_likes_enabled":true,"amp_enabled":true,"_links":{"self":[{"href":"https:\/\/encuentroinformativo.com.mx\/index.php?rest_route=\/wp\/v2\/posts\/6089","targetHints":{"allow":["GET"]}}],"collection":[{"href":"https:\/\/encuentroinformativo.com.mx\/index.php?rest_route=\/wp\/v2\/posts"}],"about":[{"href":"https:\/\/encuentroinformativo.com.mx\/index.php?rest_route=\/wp\/v2\/types\/post"}],"author":[{"embeddable":true,"href":"https:\/\/encuentroinformativo.com.mx\/index.php?rest_route=\/wp\/v2\/users\/1"}],"replies":[{"embeddable":true,"href":"https:\/\/encuentroinformativo.com.mx\/index.php?rest_route=%2Fwp%2Fv2%2Fcomments&post=6089"}],"version-history":[{"count":1,"href":"https:\/\/encuentroinformativo.com.mx\/index.php?rest_route=\/wp\/v2\/posts\/6089\/revisions"}],"predecessor-version":[{"id":6090,"href":"https:\/\/encuentroinformativo.com.mx\/index.php?rest_route=\/wp\/v2\/posts\/6089\/revisions\/6090"}],"wp:featuredmedia":[{"embeddable":true,"href":"https:\/\/encuentroinformativo.com.mx\/index.php?rest_route=\/wp\/v2\/media\/488"}],"wp:attachment":[{"href":"https:\/\/encuentroinformativo.com.mx\/index.php?rest_route=%2Fwp%2Fv2%2Fmedia&parent=6089"}],"wp:term":[{"taxonomy":"category","embeddable":true,"href":"https:\/\/encuentroinformativo.com.mx\/index.php?rest_route=%2Fwp%2Fv2%2Fcategories&post=6089"},{"taxonomy":"post_tag","embeddable":true,"href":"https:\/\/encuentroinformativo.com.mx\/index.php?rest_route=%2Fwp%2Fv2%2Ftags&post=6089"}],"curies":[{"name":"wp","href":"https:\/\/api.w.org\/{rel}","templated":true}]}}