{"id":60897,"date":"2024-11-18T20:47:10","date_gmt":"2024-11-19T02:47:10","guid":{"rendered":"https:\/\/encuentroinformativo.com.mx\/?p=60897"},"modified":"2024-11-18T20:47:17","modified_gmt":"2024-11-19T02:47:17","slug":"necesario-promover-respeto-a-la-comunidad-lgbtttq-diputada","status":"publish","type":"post","link":"https:\/\/encuentroinformativo.com.mx\/?p=60897","title":{"rendered":"Necesario promover respeto a la comunidad LGBTTTQ+: Diputada"},"content":{"rendered":"\n<p><strong>Dar\u00edo Pale <\/strong><\/p>\n\n\n\n<p>Xalapa, Ver.- Es necesario legislar y sensibilizar a la gente para evitar violencia contra la comunidad LGBTTTQ+, dijo que toda la violencia viene de los grupos conservadores, as\u00ed lo dio a conocer la diputada local de Morena Tania Carola Viveros Ch\u00e1zaro.<\/p>\n\n\n\n<p>En entrevista inform\u00f3 que, el pr\u00f3ximo 20 de noviembre se celebra el D\u00eda Internacional de la Memoria Trans, es por ello que la diputada local defini\u00f3 que es necesario legislar para evitar la violencia contra esta comunidad de la diversidad sexual, ya que estim\u00f3, toda esa violencia viene de los grupos conservadores.<\/p>\n\n\n\n<p>De acuerdo con cifras oficiales, en M\u00e9xico se registraron 701 asesinatos de personas trans entre 2008 y septiembre de 2023, por lo que la legisladora consider\u00f3 que es de suma importancia sensibilizar a la poblaci\u00f3n porque los integrantes de la comunidad de la diversidad sexual si sufren discriminaci\u00f3n.<\/p>\n\n\n\n<p>&#8220;Pero sobre todo en el tema trans hay mucha violencia alrededor. Acabo de estar en una cumbre de marchas de todo el pa\u00eds, de la comunidad y vamos a trabajar en el tema, se tiene que hacer algo. Necesitamos abrir nuestro pensamiento porque estas violencias por lo general vienen de grupos conservadores&#8221;, se\u00f1al\u00f3.<\/p>\n\n\n\n<p>La diputada presidenta de la Mesa Directiva defini\u00f3 que en todas las instituciones debe haber una atenci\u00f3n transversal para esas poblaciones y evitar la revictimizaci\u00f3n.<\/p>\n\n\n\n<p>Por \u00faltimo consider\u00f3 que se deben analizar los presupuestos para poder establecer, por ejemplo, en el caso de la Fiscal\u00eda General del Estado, una fiscal\u00eda especializada en delitos cometidos contra personas de la comunidad LGBT.<\/p>\n","protected":false},"excerpt":{"rendered":"<p>Dar\u00edo Pale Xalapa, Ver.- Es necesario legislar y sensibilizar a la gente para evitar violencia contra la comunidad LGBTTTQ+, dijo que toda la violencia viene de los grupos conservadores, as\u00ed lo dio a conocer la diputada local de Morena Tania Carola Viveros Ch\u00e1zaro. En entrevista inform\u00f3 que, el pr\u00f3ximo 20 de noviembre se celebra el [&hellip;]<\/p>\n","protected":false},"author":2476,"featured_media":60898,"comment_status":"open","ping_status":"open","sticky":false,"template":"","format":"standard","meta":{"_jetpack_memberships_contains_paid_content":false,"footnotes":""},"categories":[2],"tags":[],"class_list":["post-60897","post","type-post","status-publish","format-standard","has-post-thumbnail","hentry","category-estado"],"jetpack_featured_media_url":"https:\/\/encuentroinformativo.com.mx\/wp-content\/uploads\/2024\/11\/IMG-20241118-WA0081.jpg","jetpack_sharing_enabled":true,"jetpack_likes_enabled":true,"amp_enabled":true,"_links":{"self":[{"href":"https:\/\/encuentroinformativo.com.mx\/index.php?rest_route=\/wp\/v2\/posts\/60897","targetHints":{"allow":["GET"]}}],"collection":[{"href":"https:\/\/encuentroinformativo.com.mx\/index.php?rest_route=\/wp\/v2\/posts"}],"about":[{"href":"https:\/\/encuentroinformativo.com.mx\/index.php?rest_route=\/wp\/v2\/types\/post"}],"author":[{"embeddable":true,"href":"https:\/\/encuentroinformativo.com.mx\/index.php?rest_route=\/wp\/v2\/users\/2476"}],"replies":[{"embeddable":true,"href":"https:\/\/encuentroinformativo.com.mx\/index.php?rest_route=%2Fwp%2Fv2%2Fcomments&post=60897"}],"version-history":[{"count":1,"href":"https:\/\/encuentroinformativo.com.mx\/index.php?rest_route=\/wp\/v2\/posts\/60897\/revisions"}],"predecessor-version":[{"id":60899,"href":"https:\/\/encuentroinformativo.com.mx\/index.php?rest_route=\/wp\/v2\/posts\/60897\/revisions\/60899"}],"wp:featuredmedia":[{"embeddable":true,"href":"https:\/\/encuentroinformativo.com.mx\/index.php?rest_route=\/wp\/v2\/media\/60898"}],"wp:attachment":[{"href":"https:\/\/encuentroinformativo.com.mx\/index.php?rest_route=%2Fwp%2Fv2%2Fmedia&parent=60897"}],"wp:term":[{"taxonomy":"category","embeddable":true,"href":"https:\/\/encuentroinformativo.com.mx\/index.php?rest_route=%2Fwp%2Fv2%2Fcategories&post=60897"},{"taxonomy":"post_tag","embeddable":true,"href":"https:\/\/encuentroinformativo.com.mx\/index.php?rest_route=%2Fwp%2Fv2%2Ftags&post=60897"}],"curies":[{"name":"wp","href":"https:\/\/api.w.org\/{rel}","templated":true}]}}