{"id":60904,"date":"2024-11-18T20:54:43","date_gmt":"2024-11-19T02:54:43","guid":{"rendered":"https:\/\/encuentroinformativo.com.mx\/?p=60904"},"modified":"2024-11-18T20:54:49","modified_gmt":"2024-11-19T02:54:49","slug":"firman-actas-de-instalacion-comisiones-permanentes-de-la-lxvii-legislatura","status":"publish","type":"post","link":"https:\/\/encuentroinformativo.com.mx\/?p=60904","title":{"rendered":"Firman actas de instalaci\u00f3n Comisiones Permanentes de la LXVII Legislatura"},"content":{"rendered":"\n<p><strong>* Seguridad P\u00fablica, Desarrollo Artesanal y Desarrollo Urbano, Ordenamiento Territorial, Vivienda y Fundo Legal dan inicio a sus actividades.<\/strong><\/p>\n\n\n\n<p>Xalapa, Ver.- En cumplimiento con el Art\u00edculo 38 de la Ley Org\u00e1nica del Poder Legislativo del estado de Veracruz, este d\u00eda quedaron instaladas las Comisiones Permanentes de Seguridad P\u00fablica, de Desarrollo Artesanal y de Desarrollo Urbano, Ordenamiento Territorial, Vivienda y Fundo Legal.<\/p>\n\n\n\n<p>La Comisi\u00f3n Permanente de Seguridad P\u00fablica, integrada por el diputado Adri\u00e1n Sigfrido \u00c1vila Estrada y por las diputadas Dorheny Garc\u00eda Cayetano y Janix Liliana Castro Mu\u00f1oz, presidente, secretaria y vocal, respectivamente, atender\u00e1n la comparecencia del titular de la Secretar\u00eda de Seguridad P\u00fablica (SSP), el pr\u00f3ximo mi\u00e9rcoles 20 de noviembre a las 10:00 horas, en el auditorio Sebasti\u00e1n Lerdo de Tejada del Congreso local.<\/p>\n\n\n\n<p>De igual forma, las legisladoras Miriam Garc\u00eda Guzm\u00e1n, Luz Alicia Delf\u00edn Rodr\u00edguez y Ang\u00e9lica Pe\u00f1a Mart\u00ednez, procedieron a la firma del acta de instalaci\u00f3n de la Comisi\u00f3n Permanente de Desarrollo Artesanal, asumiendo con ello los cargos de presidenta, secretaria y vocal, respectivamente.<\/p>\n\n\n\n<p>Asimismo, la Comisi\u00f3n Permanente de Desarrollo Urbano, Ordenamiento Territorial, Vivienda y Fundo Legal, conformada por las diputadas Elizabeth Morales Garc\u00eda, presidenta, Ingrid Jeny Calder\u00f3n Dom\u00ednguez, secretaria y Janix Liliana Castro Mu\u00f1oz, vocal, signaron el documento que oficializa la legal instalaci\u00f3n de esta instancia.<\/p>\n\n\n\n<p>Las diputadas y diputados integrantes de las citadas Comisiones Permanentes coincidieron en atender los trabajos legislativos con pluralidad y objetividad, con el compromiso de llegar a consensos y acuerdos que den celeridad a los asuntos referentes a cada una de sus competencias, consolidar proyectos y trabajar para impulsar acciones que beneficien a m\u00e1s veracruzanas y veracruzanos.<\/p>\n\n\n\n<figure class=\"wp-block-image size-large\"><img loading=\"lazy\" decoding=\"async\" width=\"1024\" height=\"684\" src=\"https:\/\/encuentroinformativo.com.mx\/wp-content\/uploads\/2024\/11\/1000425834-1024x684.jpg\" alt=\"\" class=\"wp-image-60906\" srcset=\"https:\/\/encuentroinformativo.com.mx\/wp-content\/uploads\/2024\/11\/1000425834-1024x684.jpg 1024w, https:\/\/encuentroinformativo.com.mx\/wp-content\/uploads\/2024\/11\/1000425834-300x200.jpg 300w, https:\/\/encuentroinformativo.com.mx\/wp-content\/uploads\/2024\/11\/1000425834-768x513.jpg 768w, https:\/\/encuentroinformativo.com.mx\/wp-content\/uploads\/2024\/11\/1000425834-1536x1025.jpg 1536w, https:\/\/encuentroinformativo.com.mx\/wp-content\/uploads\/2024\/11\/1000425834.jpg 1600w\" sizes=\"auto, (max-width: 1024px) 100vw, 1024px\" \/><\/figure>\n\n\n\n<figure class=\"wp-block-image size-large\"><img loading=\"lazy\" decoding=\"async\" width=\"1024\" height=\"683\" src=\"https:\/\/encuentroinformativo.com.mx\/wp-content\/uploads\/2024\/11\/1000425835-1024x683.jpg\" alt=\"\" class=\"wp-image-60907\" srcset=\"https:\/\/encuentroinformativo.com.mx\/wp-content\/uploads\/2024\/11\/1000425835-1024x683.jpg 1024w, https:\/\/encuentroinformativo.com.mx\/wp-content\/uploads\/2024\/11\/1000425835-300x200.jpg 300w, https:\/\/encuentroinformativo.com.mx\/wp-content\/uploads\/2024\/11\/1000425835-768x512.jpg 768w, https:\/\/encuentroinformativo.com.mx\/wp-content\/uploads\/2024\/11\/1000425835.jpg 1280w\" sizes=\"auto, (max-width: 1024px) 100vw, 1024px\" \/><\/figure>\n","protected":false},"excerpt":{"rendered":"<p>* Seguridad P\u00fablica, Desarrollo Artesanal y Desarrollo Urbano, Ordenamiento Territorial, Vivienda y Fundo Legal dan inicio a sus actividades. Xalapa, Ver.- En cumplimiento con el Art\u00edculo 38 de la Ley Org\u00e1nica del Poder Legislativo del estado de Veracruz, este d\u00eda quedaron instaladas las Comisiones Permanentes de Seguridad P\u00fablica, de Desarrollo Artesanal y de Desarrollo Urbano, [&hellip;]<\/p>\n","protected":false},"author":2476,"featured_media":60905,"comment_status":"open","ping_status":"open","sticky":false,"template":"","format":"standard","meta":{"_jetpack_memberships_contains_paid_content":false,"footnotes":""},"categories":[2],"tags":[],"class_list":["post-60904","post","type-post","status-publish","format-standard","has-post-thumbnail","hentry","category-estado"],"jetpack_featured_media_url":"https:\/\/encuentroinformativo.com.mx\/wp-content\/uploads\/2024\/11\/IMG-20241118-WA0123.jpg","jetpack_sharing_enabled":true,"jetpack_likes_enabled":true,"amp_enabled":true,"_links":{"self":[{"href":"https:\/\/encuentroinformativo.com.mx\/index.php?rest_route=\/wp\/v2\/posts\/60904","targetHints":{"allow":["GET"]}}],"collection":[{"href":"https:\/\/encuentroinformativo.com.mx\/index.php?rest_route=\/wp\/v2\/posts"}],"about":[{"href":"https:\/\/encuentroinformativo.com.mx\/index.php?rest_route=\/wp\/v2\/types\/post"}],"author":[{"embeddable":true,"href":"https:\/\/encuentroinformativo.com.mx\/index.php?rest_route=\/wp\/v2\/users\/2476"}],"replies":[{"embeddable":true,"href":"https:\/\/encuentroinformativo.com.mx\/index.php?rest_route=%2Fwp%2Fv2%2Fcomments&post=60904"}],"version-history":[{"count":2,"href":"https:\/\/encuentroinformativo.com.mx\/index.php?rest_route=\/wp\/v2\/posts\/60904\/revisions"}],"predecessor-version":[{"id":60909,"href":"https:\/\/encuentroinformativo.com.mx\/index.php?rest_route=\/wp\/v2\/posts\/60904\/revisions\/60909"}],"wp:featuredmedia":[{"embeddable":true,"href":"https:\/\/encuentroinformativo.com.mx\/index.php?rest_route=\/wp\/v2\/media\/60905"}],"wp:attachment":[{"href":"https:\/\/encuentroinformativo.com.mx\/index.php?rest_route=%2Fwp%2Fv2%2Fmedia&parent=60904"}],"wp:term":[{"taxonomy":"category","embeddable":true,"href":"https:\/\/encuentroinformativo.com.mx\/index.php?rest_route=%2Fwp%2Fv2%2Fcategories&post=60904"},{"taxonomy":"post_tag","embeddable":true,"href":"https:\/\/encuentroinformativo.com.mx\/index.php?rest_route=%2Fwp%2Fv2%2Ftags&post=60904"}],"curies":[{"name":"wp","href":"https:\/\/api.w.org\/{rel}","templated":true}]}}