{"id":6091,"date":"2020-09-23T11:09:14","date_gmt":"2020-09-23T16:09:14","guid":{"rendered":"https:\/\/encuentroinformativo.com.mx\/?p=6091"},"modified":"2020-09-23T11:09:19","modified_gmt":"2020-09-23T16:09:19","slug":"en-accidente-pierden-la-vida-elementos-de-la-fuerza-civil","status":"publish","type":"post","link":"https:\/\/encuentroinformativo.com.mx\/?p=6091","title":{"rendered":"En accidente, pierden la vida elementos de la Fuerza Civil"},"content":{"rendered":"\n<p><strong>Juan Arcos <\/strong><\/p>\n\n\n\n<p>Xalapa, Ver.- Dos elementos de la Fuerza Civil murieron en un accidente carretero registrado la noche del martes en el municipio de Playa Vicente, al sur del estado de Veracruz.<\/p>\n\n\n\n<p>El incidente ocurri\u00f3 en la localidad Lealtad de Mu\u00f1oz, a unos metros de la carretera que comunica a los municipios de Isla y Playa Vicente.<\/p>\n\n\n\n<p>El titular de la Secretar\u00eda de Seguridad P\u00fablica (SSP) en Veracruz, Hugo Guti\u00e9rrez Maldonado, lament\u00f3 la muerte de Tom\u00e1s Mart\u00ednez Torres y Ra\u00fal Hern\u00e1ndez Ortiz en dicho accidente automovil\u00edstico.<\/p>\n\n\n\n<p>\u201cLamento profundamente los decesos de nuestros compa\u00f1eros de Fuerza Civil. Env\u00edo mi m\u00e1s sentido p\u00e9same a sus familias, dese\u00e1ndoles pronta recuperaci\u00f3n y paz\u201d, se lee en un mensaje, a trav\u00e9s de redes sociales.<\/p>\n\n\n\n<p>Trascendi\u00f3 que el chofer de la patrulla perdi\u00f3 el control, lo que ocasion\u00f3 una volcadura y la muerte de dos de los polic\u00edas de la mencionada corporaci\u00f3n estatal.<\/p>\n\n\n\n<p>Un elemento falleci\u00f3 en el lugar de los hechos y, el otro, cuando era trasladado en una ambulancia al Hospital Regional de Isla.<\/p>\n\n\n\n<p>Cabe destacar que otros cuatro oficiales de la Fuerza Civil resultaron heridos por el accidente, quienes fueron canalizados a la cl\u00ednica del Instituto Mexicano del Seguro Social (IMSS), ubicada en la zona.<\/p>\n\n\n\n<p>En un inicio, se hab\u00eda rumorado que el incidente hab\u00eda sido originado por un enfrentamiento; sin embargo, las autoridades desmintieron esa versi\u00f3n.<\/p>\n\n\n\n<p>Recientemente patrullas de la Secretar\u00eda de Seguridad P\u00fablica (SSP) se han accidentado en otros puntos de la entidad veracruzana.<\/p>\n\n\n\n<p>El pasado 20 de septiembre, tras las fuertes lluvias en la regi\u00f3n capital, se registraron choques y carambolas sobre la carretera Xalapa-Coatepec, donde se impact\u00f3 una patrulla de la Polic\u00eda Estatal contra otro veh\u00edculo, sin personas lesionadas.<\/p>\n\n\n\n<p><strong>Foto: <\/strong>Redes Sociales <\/p>\n","protected":false},"excerpt":{"rendered":"<p>Juan Arcos Xalapa, Ver.- Dos elementos de la Fuerza Civil murieron en un accidente carretero registrado la noche del martes en el municipio de Playa Vicente, al sur del estado de Veracruz. El incidente ocurri\u00f3 en la localidad Lealtad de Mu\u00f1oz, a unos metros de la carretera que comunica a los municipios de Isla y [&hellip;]<\/p>\n","protected":false},"author":1,"featured_media":6092,"comment_status":"open","ping_status":"open","sticky":false,"template":"","format":"aside","meta":{"_jetpack_memberships_contains_paid_content":false,"footnotes":""},"categories":[14],"tags":[],"class_list":["post-6091","post","type-post","status-publish","format-aside","has-post-thumbnail","hentry","category-policiaca","post_format-post-format-aside"],"jetpack_featured_media_url":"https:\/\/encuentroinformativo.com.mx\/wp-content\/uploads\/2020\/09\/549777D2-D945-4565-A1A7-943B34D0E5C3.jpeg","jetpack_sharing_enabled":true,"jetpack_likes_enabled":true,"amp_enabled":true,"_links":{"self":[{"href":"https:\/\/encuentroinformativo.com.mx\/index.php?rest_route=\/wp\/v2\/posts\/6091","targetHints":{"allow":["GET"]}}],"collection":[{"href":"https:\/\/encuentroinformativo.com.mx\/index.php?rest_route=\/wp\/v2\/posts"}],"about":[{"href":"https:\/\/encuentroinformativo.com.mx\/index.php?rest_route=\/wp\/v2\/types\/post"}],"author":[{"embeddable":true,"href":"https:\/\/encuentroinformativo.com.mx\/index.php?rest_route=\/wp\/v2\/users\/1"}],"replies":[{"embeddable":true,"href":"https:\/\/encuentroinformativo.com.mx\/index.php?rest_route=%2Fwp%2Fv2%2Fcomments&post=6091"}],"version-history":[{"count":1,"href":"https:\/\/encuentroinformativo.com.mx\/index.php?rest_route=\/wp\/v2\/posts\/6091\/revisions"}],"predecessor-version":[{"id":6094,"href":"https:\/\/encuentroinformativo.com.mx\/index.php?rest_route=\/wp\/v2\/posts\/6091\/revisions\/6094"}],"wp:featuredmedia":[{"embeddable":true,"href":"https:\/\/encuentroinformativo.com.mx\/index.php?rest_route=\/wp\/v2\/media\/6092"}],"wp:attachment":[{"href":"https:\/\/encuentroinformativo.com.mx\/index.php?rest_route=%2Fwp%2Fv2%2Fmedia&parent=6091"}],"wp:term":[{"taxonomy":"category","embeddable":true,"href":"https:\/\/encuentroinformativo.com.mx\/index.php?rest_route=%2Fwp%2Fv2%2Fcategories&post=6091"},{"taxonomy":"post_tag","embeddable":true,"href":"https:\/\/encuentroinformativo.com.mx\/index.php?rest_route=%2Fwp%2Fv2%2Ftags&post=6091"}],"curies":[{"name":"wp","href":"https:\/\/api.w.org\/{rel}","templated":true}]}}